{"id":381,"date":"2018-03-06T01:24:26","date_gmt":"2018-03-06T01:24:26","guid":{"rendered":"http:\/\/www.archademy.com.br\/blog\/8-eventos-de-arquitetura-e-design-de-interiores-que-voce-nao-pode-perder\/"},"modified":"2018-05-17T19:52:20","modified_gmt":"2018-05-17T19:52:20","slug":"8-eventos-de-arquitetura-e-design-de-interiores-que-voce-nao-pode-perder","status":"publish","type":"post","link":"https:\/\/www.archademy.com.br\/blog\/8-eventos-de-arquitetura-e-design-de-interiores-que-voce-nao-pode-perder\/","title":{"rendered":"8 eventos de arquitetura e design de interiores que voc\u00ea n\u00e3o pode perder"},"content":{"rendered":"<p>Iniciar a carreira \u00e9 um desafio para a maioria dos rec\u00e9m-formados em arquitetura e design. \u00c9 preciso dedica\u00e7\u00e3o para superar\u00a0a\u00a0falta de experi\u00eancia ou\u00a0de contatos na \u00e1rea. Mas\u00a0isso n\u00e3o \u00e9 motivo para desanimar! Pelo contr\u00e1rio,\u00a0alguns caminhos\u00a0podem ajudar muito nessa etapa. Um deles \u00e9 frequentar eventos de arquitetura.<\/p>\n<p>Ao concluir a faculdade, nossa cabe\u00e7a est\u00e1 cheia de planos e sonhos\u00a0e queremos coloc\u00e1-los logo em pr\u00e1tica. Surge um forte desejo de\u00a0conquistar espa\u00e7o no mercado. Mas como conseguir isso?<\/p>\n<p>Em um cen\u00e1rio t\u00e3o competitivo, n\u00e3o basta apenas investir em uma boa forma\u00e7\u00e3o acad\u00eamica. \u00c9 fundamental\u00a0explorar todas as oportunidades para expandir seu conhecimento \u2014\u00a0j\u00e1 que, para se destacar, voc\u00ea precisa oferecer um diferencial, conhecer as tend\u00eancias, inovar e estar sempre atualizado.<\/p>\n<p>\u00c9 preciso investir em atividades extras, como\u00a0cursos, grupos de estudo, workshops, trabalho volunt\u00e1rio, concursos de projetos, inicia\u00e7\u00e3o cient\u00edfica, al\u00e9m, \u00e9 claro, dos diversos eventos de arquitetura realizados pelo pa\u00eds.<\/p>\n<p>Ali\u00e1s, esses encontros s\u00e3o experi\u00eancias fant\u00e1sticas para ampliar seu\u00a0networking e\u00a0atualizar seus conhecimentos em t\u00e9cnicas\u00a0e pr\u00e1ticas sustent\u00e1veis, bem como em novas tecnologias para desenvolvimento de projetos e gest\u00e3o de obras.<\/p>\n<p>Nesses eventos, voc\u00ea conhecer\u00e1 as principais empresas\u00a0do ramo, parceiros e clientes em potencial, enfim, ter\u00e1 \u00e0 disposi\u00e7\u00e3o\u00a0uma infinidade de possibilidades muito atrativas.<\/p>\n<p>E\u00a0para voc\u00ea n\u00e3o perder o calend\u00e1rio, este post vai apresentar 8 eventos imperd\u00edveis de arquitetura e design de interiores. Fique de olho e planeje-se!<\/p>\n<h2>1. CASACOR<\/h2>\n<p>Esse evento \u00e9 reconhecido como a maior mostra de arquitetura, paisagismo e design de interiores da Am\u00e9rica. Ele re\u00fane ambientes criados por\u00a0renomados profissionais da \u00e1rea,\u00a0em 20 cidades brasileiras, al\u00e9m de em 6 localidades fora do pa\u00eds. A entrada \u00e9 paga.<\/p>\n<p>Surgiu em 1987 e, desde ent\u00e3o, realiza exposi\u00e7\u00f5es anuais.\u00a0A partir de maio deste ano, as mostras t\u00eam previs\u00e3o de ocorrer em 18 regi\u00f5es do Brasil, em 4 cidades da Am\u00e9rica Latina e em Miami.<\/p>\n<p>No CASACOR, voc\u00ea ter\u00e1 a oportunidade de conhecer as principais tend\u00eancias de decora\u00e7\u00e3o e\u00a0tecnologias sustent\u00e1veis e participar de palestras e atra\u00e7\u00f5es relacionadas. A socializa\u00e7\u00e3o \u00e9 bastante motivada:\u00a0geralmente, s\u00e3o realizadas festas e proporcionados lounges de conv\u00edvio.<\/p>\n<h2>2. Vit\u00f3ria Stone Fair<\/h2>\n<p dir=\"ltr\">Refer\u00eancia para o setor de rochas ornamentais na Am\u00e9rica Latina e no mundo, a <a href=\"https:\/\/www.vitoriastonefair.com.br\/site\/2018\/pt\/a-feira\">Vit\u00f3ria Stone Fair<\/a> re\u00fane grandes empresas de extra\u00e7\u00e3o e beneficiamento de pedras naturais, equipamentos, maquin\u00e1rios, insumos e tecnologias de todas as partes do mundo.<\/p>\n<p dir=\"ltr\">O evento \u00e9 uma oportunidade para realizar neg\u00f3cios presenciais, avaliar os produtos e servi\u00e7os, trabalhar ferramentas de marketing, ampliar as a\u00e7\u00f5es e lan\u00e7amentos de produtos, fortalecendo parcerias e prospectando novos mercados.<\/p>\n<p dir=\"ltr\">Vitrine para o mundo, a feira \u00e9 realizada no Esp\u00edrito Santo, estado com o maior parque industrial brasileiro e detentor de mais de 90% dos teares multifios em funcionamento. Enquanto o Brasil possui a maior diversidade de rochas naturais do mundo &#8211; s\u00e3o mais de 1.200 variedades &#8211; \u00a0o ES \u00e9 o maior produtor e exportador nacional de chapas e blocos.<\/p>\n<p>Aproveite e fa\u00e7a contato com um p\u00fablico qualificado, formado por engenheiros, arquitetos e outros profissionais de todo o Brasil e do exterior. Cadastre-se para assistir as palestras e outras exibi\u00e7\u00f5es. Lembre-se: todo aprendizado \u00e9 v\u00e1lido! Para promo\u00e7\u00f5es e c\u00f3digos de desconto de passagens \u00e1reas e hot\u00e9is, <a href=\"https:\/\/www.vitoriastonefair.com.br\/site\/2018\/pt\/viagem\">visite o site<\/a>.<\/p>\n<h2>3. Archathon<\/h2>\n<p>Muito mais do que um evento, o Archathon\u00a0\u00e9 uma excelente oportunidade para\u00a0jovens arquitetos e designers\u00a0se destacarem diante de grandes marcas e renomados profissionais.<\/p>\n<p>O workshop \u00e9 dividido\u00a0em duas fases. Na primeira,\u00a0classificat\u00f3ria e online, s\u00e3o escolhidos os 30 melhores projetos de interiores, dentre aqueles que foram cadastrados pelos grupos concorrentes.<\/p>\n<p>A segunda fase \u00e9 presencial. Os\u00a030 grupos participam\u00a0de um desafio:\u00a0desenvolver um projeto de interiores\u00a0em 24 horas.\u00a0O time vencedor, escolhido por mentores e uma Comiss\u00e3o Julgadora, \u00e9 premiado e tem seu trabalho\u00a0publicado em sites e nas redes sociais dos parceiros. Imagine o aprendizado e os contatos que voc\u00ea far\u00e1! Um\u00a0impulso fant\u00e1stico para sua carreira.<\/p>\n<p>A pr\u00f3xima edi\u00e7\u00e3o ocorrer\u00e1 entre os dias 05 e 08 de junho, dentro da Vit\u00f3ria Stone Fair, no Esp\u00edrito Santo. As\u00a0<a href=\"https:\/\/www.eventbrite.com.br\/e\/seletiva-archathon-vitoria-stone-fair-2018-tickets-44892407399\" target=\"_blank\" rel=\"noopener\">inscri\u00e7\u00f5es<\/a>\u00a0se encerram no dia 28 desse m\u00eas e a premia\u00e7\u00e3o engloba <strong>uma viagem para a It\u00e1lia<\/strong> durante a MARMOMAC: feira refer\u00eancia mundial em rochas ornamentais. Para mais\u00a0detalhes, visite o\u00a0<a href=\"https:\/\/www.archathon.com.br\/\" target=\"_blank\" rel=\"noopener\">site oficial<\/a>.<\/p>\n<h2>4.\u00a0ABIMAD<\/h2>\n<p>A Associa\u00e7\u00e3o Brasileira de M\u00f3veis de Alta Decora\u00e7\u00e3o (ABIMAD) promove a principal\u00a0feira desse nicho da Am\u00e9rica Latina, em que participam expositores de todo o pa\u00eds.<\/p>\n<p>Ela acontece desde 2004 em S\u00e3o Paulo, em duas datas. Neste ano,\u00a0a segunda edi\u00e7\u00e3o ser\u00e1 entre os dias 24 e\u00a027 de julho, no S\u00e3o Paulo Expo. Profissionais da \u00e1rea t\u00eam entrada gratuita.<\/p>\n<h2>5. Design Weekend<\/h2>\n<p>Essa semana especial acontecer\u00e1 entre os dias 29 de agosto a 2 de setembro deste ano, em S\u00e3o Paulo. Trata-se de um festival urbano dedicado a promover a cultura do design e suas interfaces com\u00a0arquitetura, arte, sociedade, inova\u00e7\u00f5es e\u00a0vida na cidade.<\/p>\n<p>Ser\u00e3o realizados semin\u00e1rios, cursos, feiras, exposi\u00e7\u00f5es, interven\u00e7\u00f5es urbanas, roteiros culturais, lan\u00e7amentos, festas, entre outras atividades que estar\u00e3o\u00a0integradas em um planejamento oficial. Para participar, verifique a programa\u00e7\u00e3o no\u00a0<a href=\"http:\/\/www.designweekend.com.br\/\" target=\"_blank\" rel=\"noopener\">site<\/a>, inclusive, para saber quais eventos s\u00e3o exclusivos e quais s\u00e3o abertos ao p\u00fablico em geral.<\/p>\n<h2>6. Expolux<\/h2>\n<p>Essa feira internacional da ilumina\u00e7\u00e3o \u00e9 realizada, anualmente, em S\u00e3o Paulo. \u00c9 considerada\u00a0o\u00a0principal evento do setor na Am\u00e9rica Latina. De fato, uma\u00a0parada obrigat\u00f3ria para quem quer se atualizar nessa \u00e1rea, conhecer as marcas mais importantes do mercado e ampliar seu networking.<\/p>\n<p>Para visit\u00e1-la, verifique as regras de credenciamento no <a href=\"http:\/\/www.expolux.com.br\/Credenciamento\/\" target=\"_blank\" rel=\"noopener\">site oficial<\/a>\u00a0da feira.<\/p>\n<h2>7. Congresso Mundial de Arquitetos<\/h2>\n<p>Esse encontro \u00e9 para voc\u00ea expandir suas fronteiras de vez. Ele ocorre a cada 3 anos, em diferentes cidades do mundo. A boa not\u00edcia\u00a0\u00e9 que a pr\u00f3xima edi\u00e7\u00e3o, em 2020, ser\u00e1 no Rio de Janeiro.<\/p>\n<p>N\u00e3o se trata de uma feira, mas um evento oficial da Uni\u00e3o Internacional de Arquitetos, uma organiza\u00e7\u00e3o que representa quase 2 milh\u00f5es de profissionais de 130 pa\u00edses.<\/p>\n<p>Voc\u00ea participar\u00e1, junto a milhares de colegas de profiss\u00e3o, de debates, palestras, exposi\u00e7\u00f5es e festivais, com foco nos desafios da arquitetura na sociedade e em\u00a0inova\u00e7\u00f5es e tend\u00eancias. Incr\u00edvel, n\u00e3o?<\/p>\n<p>Vale a pena conferir, tamb\u00e9m, os\u00a0congressos nacionais e regionais.\u00a0Pelo site do <a href=\"http:\/\/www.caubr.gov.br\/\" target=\"_blank\" rel=\"noopener\">CAU-BR<\/a>, voc\u00ea conhece as programa\u00e7\u00f5es.<\/p>\n<h2>8. ExpoRevestir<\/h2>\n<p>Essa \u00e9 uma feira anual dos mais diversos revestimentos, entre eles, pedras, cer\u00e2micas, laminados, pisos, divis\u00f3rias de vidro e ferramentas em geral.<\/p>\n<p>A feiraEla acontecer\u00e1 entre os dias 13 e 16 de mar\u00e7o\u00a0deste ano, no Transam\u00e9rica Expo Center, em S\u00e3o Paulo. Nessa edi\u00e7\u00e3o, os dois primeiros\u00a0dias ter\u00e3o foco em neg\u00f3cios e, os restantes, nas novas tend\u00eancias e em\u00a0f\u00f3runs, entre outras atra\u00e7\u00f5es.\u00a0Para participar, basta fazer seu <a href=\"http:\/\/www.exporevestir.com.br\/\" target=\"_blank\" rel=\"noopener\">credenciamento online<\/a>\u00a0para os dias de interesse.<\/p>\n<p>O ano de 2018 est\u00e1 recheado de eventos de arquitetura para voc\u00ea investir na sua forma\u00e7\u00e3o e no\u00a0seu\u00a0networking. Que tal, para come\u00e7ar, em apenas uma semana, j\u00e1 conhecer as novidades da ExpoRevestir e\u00a0aplic\u00e1-las na Archathon? Perfeito! Boa sorte e m\u00e3os \u00e0 obra!<\/p>\n<p>Se quiser saber mais sobre esse workshop incr\u00edvel que \u00e9 a Archathon, <a href=\"http:\/\/www.archathon.com.br\/\" target=\"_blank\" rel=\"noopener\">entre em <\/a><a href=\"https:\/\/www.archathon.com.br\/\" target=\"_blank\" rel=\"noopener\">contato conosco<\/a>! Teremos o maior prazer em atender voc\u00ea!<\/p>\n","protected":false},"excerpt":{"rendered":"<p>Iniciar a carreira \u00e9 um desafio para a maioria dos rec\u00e9m-formados em arquitetura e design. \u00c9 preciso dedica\u00e7\u00e3o para superar\u00a0a\u00a0falta de experi\u00eancia ou\u00a0de contatos na \u00e1rea. Mas\u00a0isso n\u00e3o \u00e9 motivo para desanimar! Pelo contr\u00e1rio,\u00a0alguns caminhos\u00a0podem ajudar muito nessa etapa. Um deles \u00e9 frequentar eventos de arquitetura. Ao concluir a faculdade, nossa cabe\u00e7a est\u00e1 cheia de &hellip; <\/p>\n<p class=\"link-more\"><a href=\"https:\/\/www.archademy.com.br\/blog\/8-eventos-de-arquitetura-e-design-de-interiores-que-voce-nao-pode-perder\/\" class=\"more-link\">Leia mais <span class=\"screen-reader-text\"> &#8220;8 eventos de arquitetura e design de interiores que voc\u00ea n\u00e3o pode perder&#8221;<\/span><\/a><\/p>\n","protected":false},"author":4,"featured_media":556,"comment_status":"open","ping_status":"open","sticky":true,"template":"","format":"standard","meta":[],"categories":[10,11],"tags":[],"yoast_head":"<!-- This site is optimized with the Yoast SEO plugin v19.8 - https:\/\/yoast.com\/wordpress\/plugins\/seo\/ -->\n<title>8 eventos de arquitetura e design de interiores que voc\u00ea n\u00e3o pode perder - Archademy<\/title>\n<meta name=\"robots\" content=\"index, follow, max-snippet:-1, max-image-preview:large, max-video-preview:-1\" \/>\n<link rel=\"canonical\" href=\"https:\/\/www.archademy.com.br\/blog\/8-eventos-de-arquitetura-e-design-de-interiores-que-voce-nao-pode-perder\/\" \/>\n<meta property=\"og:locale\" content=\"pt_BR\" \/>\n<meta property=\"og:type\" content=\"article\" \/>\n<meta property=\"og:title\" content=\"8 eventos de arquitetura e design de interiores que voc\u00ea n\u00e3o pode perder - Archademy\" \/>\n<meta property=\"og:description\" content=\"Iniciar a carreira \u00e9 um desafio para a maioria dos rec\u00e9m-formados em arquitetura e design. \u00c9 preciso dedica\u00e7\u00e3o para superar\u00a0a\u00a0falta de experi\u00eancia ou\u00a0de contatos na \u00e1rea. Mas\u00a0isso n\u00e3o \u00e9 motivo para desanimar! Pelo contr\u00e1rio,\u00a0alguns caminhos\u00a0podem ajudar muito nessa etapa. Um deles \u00e9 frequentar eventos de arquitetura. Ao concluir a faculdade, nossa cabe\u00e7a est\u00e1 cheia de &hellip; Leia mais &quot;8 eventos de arquitetura e design de interiores que voc\u00ea n\u00e3o pode perder&quot;\" \/>\n<meta property=\"og:url\" content=\"https:\/\/www.archademy.com.br\/blog\/8-eventos-de-arquitetura-e-design-de-interiores-que-voce-nao-pode-perder\/\" \/>\n<meta property=\"og:site_name\" content=\"Archademy\" \/>\n<meta property=\"article:author\" content=\"https:\/\/www.facebook.com\/thalesluc\" \/>\n<meta property=\"article:published_time\" content=\"2018-03-06T01:24:26+00:00\" \/>\n<meta property=\"article:modified_time\" content=\"2018-05-17T19:52:20+00:00\" \/>\n<meta property=\"og:image\" content=\"https:\/\/www.archademy.com.br\/blog\/wp-content\/uploads\/2018\/03\/lounge-de-eventos.jpg\" \/>\n\t<meta property=\"og:image:width\" content=\"928\" \/>\n\t<meta property=\"og:image:height\" content=\"608\" \/>\n\t<meta property=\"og:image:type\" content=\"image\/jpeg\" \/>\n<meta name=\"author\" content=\"Thales Lucchesi\" \/>\n<meta name=\"twitter:card\" content=\"summary_large_image\" \/>\n<meta name=\"twitter:label1\" content=\"Escrito por\" \/>\n\t<meta name=\"twitter:data1\" content=\"Thales Lucchesi\" \/>\n\t<meta name=\"twitter:label2\" content=\"Est. tempo de leitura\" \/>\n\t<meta name=\"twitter:data2\" content=\"6 minutos\" \/>\n<script type=\"application\/ld+json\" class=\"yoast-schema-graph\">{\"@context\":\"https:\/\/schema.org\",\"@graph\":[{\"@type\":\"Article\",\"@id\":\"https:\/\/www.archademy.com.br\/blog\/8-eventos-de-arquitetura-e-design-de-interiores-que-voce-nao-pode-perder\/#article\",\"isPartOf\":{\"@id\":\"https:\/\/www.archademy.com.br\/blog\/8-eventos-de-arquitetura-e-design-de-interiores-que-voce-nao-pode-perder\/\"},\"author\":{\"name\":\"Thales Lucchesi\",\"@id\":\"https:\/\/www.archademy.com.br\/blog\/#\/schema\/person\/fb74a8fd055fad249756bd7c4c8b56fc\"},\"headline\":\"8 eventos de arquitetura e design de interiores que voc\u00ea n\u00e3o pode perder\",\"datePublished\":\"2018-03-06T01:24:26+00:00\",\"dateModified\":\"2018-05-17T19:52:20+00:00\",\"mainEntityOfPage\":{\"@id\":\"https:\/\/www.archademy.com.br\/blog\/8-eventos-de-arquitetura-e-design-de-interiores-que-voce-nao-pode-perder\/\"},\"wordCount\":1270,\"commentCount\":0,\"publisher\":{\"@id\":\"https:\/\/www.archademy.com.br\/blog\/#organization\"},\"articleSection\":[\"Carreira\",\"Workshop\"],\"inLanguage\":\"pt-BR\",\"potentialAction\":[{\"@type\":\"CommentAction\",\"name\":\"Comment\",\"target\":[\"https:\/\/www.archademy.com.br\/blog\/8-eventos-de-arquitetura-e-design-de-interiores-que-voce-nao-pode-perder\/#respond\"]}]},{\"@type\":\"WebPage\",\"@id\":\"https:\/\/www.archademy.com.br\/blog\/8-eventos-de-arquitetura-e-design-de-interiores-que-voce-nao-pode-perder\/\",\"url\":\"https:\/\/www.archademy.com.br\/blog\/8-eventos-de-arquitetura-e-design-de-interiores-que-voce-nao-pode-perder\/\",\"name\":\"8 eventos de arquitetura e design de interiores que voc\u00ea n\u00e3o pode perder - Archademy\",\"isPartOf\":{\"@id\":\"https:\/\/www.archademy.com.br\/blog\/#website\"},\"datePublished\":\"2018-03-06T01:24:26+00:00\",\"dateModified\":\"2018-05-17T19:52:20+00:00\",\"breadcrumb\":{\"@id\":\"https:\/\/www.archademy.com.br\/blog\/8-eventos-de-arquitetura-e-design-de-interiores-que-voce-nao-pode-perder\/#breadcrumb\"},\"inLanguage\":\"pt-BR\",\"potentialAction\":[{\"@type\":\"ReadAction\",\"target\":[\"https:\/\/www.archademy.com.br\/blog\/8-eventos-de-arquitetura-e-design-de-interiores-que-voce-nao-pode-perder\/\"]}]},{\"@type\":\"BreadcrumbList\",\"@id\":\"https:\/\/www.archademy.com.br\/blog\/8-eventos-de-arquitetura-e-design-de-interiores-que-voce-nao-pode-perder\/#breadcrumb\",\"itemListElement\":[{\"@type\":\"ListItem\",\"position\":1,\"name\":\"In\u00edcio\",\"item\":\"https:\/\/www.archademy.com.br\/blog\/\"},{\"@type\":\"ListItem\",\"position\":2,\"name\":\"8 eventos de arquitetura e design de interiores que voc\u00ea n\u00e3o pode perder\"}]},{\"@type\":\"WebSite\",\"@id\":\"https:\/\/www.archademy.com.br\/blog\/#website\",\"url\":\"https:\/\/www.archademy.com.br\/blog\/\",\"name\":\"Archademy\",\"description\":\"Inova\u00e7\u00e3o Em Arquitetura e Design de Interiores\",\"publisher\":{\"@id\":\"https:\/\/www.archademy.com.br\/blog\/#organization\"},\"potentialAction\":[{\"@type\":\"SearchAction\",\"target\":{\"@type\":\"EntryPoint\",\"urlTemplate\":\"https:\/\/www.archademy.com.br\/blog\/?s={search_term_string}\"},\"query-input\":\"required name=search_term_string\"}],\"inLanguage\":\"pt-BR\"},{\"@type\":\"Organization\",\"@id\":\"https:\/\/www.archademy.com.br\/blog\/#organization\",\"name\":\"Archademy\",\"url\":\"https:\/\/www.archademy.com.br\/blog\/\",\"sameAs\":[],\"logo\":{\"@type\":\"ImageObject\",\"inLanguage\":\"pt-BR\",\"@id\":\"https:\/\/www.archademy.com.br\/blog\/#\/schema\/logo\/image\/\",\"url\":\"https:\/\/www.archademy.com.br\/blog\/wp-content\/uploads\/2019\/06\/archademy-logo-b.png\",\"contentUrl\":\"https:\/\/www.archademy.com.br\/blog\/wp-content\/uploads\/2019\/06\/archademy-logo-b.png\",\"width\":322,\"height\":150,\"caption\":\"Archademy\"},\"image\":{\"@id\":\"https:\/\/www.archademy.com.br\/blog\/#\/schema\/logo\/image\/\"}},{\"@type\":\"Person\",\"@id\":\"https:\/\/www.archademy.com.br\/blog\/#\/schema\/person\/fb74a8fd055fad249756bd7c4c8b56fc\",\"name\":\"Thales Lucchesi\",\"image\":{\"@type\":\"ImageObject\",\"inLanguage\":\"pt-BR\",\"@id\":\"https:\/\/www.archademy.com.br\/blog\/#\/schema\/person\/image\/\",\"url\":\"https:\/\/www.archademy.com.br\/wp-content\/uploads\/2018\/12\/thalles-96x96.jpg\",\"contentUrl\":\"https:\/\/www.archademy.com.br\/wp-content\/uploads\/2018\/12\/thalles-96x96.jpg\",\"caption\":\"Thales Lucchesi\"},\"sameAs\":[\"https:\/\/www.instagram.com\/thaleslucchesi\/\",\"https:\/\/www.facebook.com\/thalesluc\"],\"url\":\"https:\/\/www.archademy.com.br\/blog\/author\/thales-lucchesi\/\"}]}<\/script>\n<!-- \/ Yoast SEO plugin. -->","yoast_head_json":{"title":"8 eventos de arquitetura e design de interiores que voc\u00ea n\u00e3o pode perder - Archademy","robots":{"index":"index","follow":"follow","max-snippet":"max-snippet:-1","max-image-preview":"max-image-preview:large","max-video-preview":"max-video-preview:-1"},"canonical":"https:\/\/www.archademy.com.br\/blog\/8-eventos-de-arquitetura-e-design-de-interiores-que-voce-nao-pode-perder\/","og_locale":"pt_BR","og_type":"article","og_title":"8 eventos de arquitetura e design de interiores que voc\u00ea n\u00e3o pode perder - Archademy","og_description":"Iniciar a carreira \u00e9 um desafio para a maioria dos rec\u00e9m-formados em arquitetura e design. \u00c9 preciso dedica\u00e7\u00e3o para superar\u00a0a\u00a0falta de experi\u00eancia ou\u00a0de contatos na \u00e1rea. Mas\u00a0isso n\u00e3o \u00e9 motivo para desanimar! Pelo contr\u00e1rio,\u00a0alguns caminhos\u00a0podem ajudar muito nessa etapa. Um deles \u00e9 frequentar eventos de arquitetura. Ao concluir a faculdade, nossa cabe\u00e7a est\u00e1 cheia de &hellip; Leia mais \"8 eventos de arquitetura e design de interiores que voc\u00ea n\u00e3o pode perder\"","og_url":"https:\/\/www.archademy.com.br\/blog\/8-eventos-de-arquitetura-e-design-de-interiores-que-voce-nao-pode-perder\/","og_site_name":"Archademy","article_author":"https:\/\/www.facebook.com\/thalesluc","article_published_time":"2018-03-06T01:24:26+00:00","article_modified_time":"2018-05-17T19:52:20+00:00","og_image":[{"width":"928","height":"608","url":"https:\/\/www.archademy.com.br\/blog\/wp-content\/uploads\/2018\/03\/lounge-de-eventos.jpg","type":"image\/jpeg"}],"author":"Thales Lucchesi","twitter_card":"summary_large_image","twitter_misc":{"Escrito por":"Thales Lucchesi","Est. tempo de leitura":"6 minutos"},"schema":{"@context":"https:\/\/schema.org","@graph":[{"@type":"Article","@id":"https:\/\/www.archademy.com.br\/blog\/8-eventos-de-arquitetura-e-design-de-interiores-que-voce-nao-pode-perder\/#article","isPartOf":{"@id":"https:\/\/www.archademy.com.br\/blog\/8-eventos-de-arquitetura-e-design-de-interiores-que-voce-nao-pode-perder\/"},"author":{"name":"Thales Lucchesi","@id":"https:\/\/www.archademy.com.br\/blog\/#\/schema\/person\/fb74a8fd055fad249756bd7c4c8b56fc"},"headline":"8 eventos de arquitetura e design de interiores que voc\u00ea n\u00e3o pode perder","datePublished":"2018-03-06T01:24:26+00:00","dateModified":"2018-05-17T19:52:20+00:00","mainEntityOfPage":{"@id":"https:\/\/www.archademy.com.br\/blog\/8-eventos-de-arquitetura-e-design-de-interiores-que-voce-nao-pode-perder\/"},"wordCount":1270,"commentCount":0,"publisher":{"@id":"https:\/\/www.archademy.com.br\/blog\/#organization"},"articleSection":["Carreira","Workshop"],"inLanguage":"pt-BR","potentialAction":[{"@type":"CommentAction","name":"Comment","target":["https:\/\/www.archademy.com.br\/blog\/8-eventos-de-arquitetura-e-design-de-interiores-que-voce-nao-pode-perder\/#respond"]}]},{"@type":"WebPage","@id":"https:\/\/www.archademy.com.br\/blog\/8-eventos-de-arquitetura-e-design-de-interiores-que-voce-nao-pode-perder\/","url":"https:\/\/www.archademy.com.br\/blog\/8-eventos-de-arquitetura-e-design-de-interiores-que-voce-nao-pode-perder\/","name":"8 eventos de arquitetura e design de interiores que voc\u00ea n\u00e3o pode perder - Archademy","isPartOf":{"@id":"https:\/\/www.archademy.com.br\/blog\/#website"},"datePublished":"2018-03-06T01:24:26+00:00","dateModified":"2018-05-17T19:52:20+00:00","breadcrumb":{"@id":"https:\/\/www.archademy.com.br\/blog\/8-eventos-de-arquitetura-e-design-de-interiores-que-voce-nao-pode-perder\/#breadcrumb"},"inLanguage":"pt-BR","potentialAction":[{"@type":"ReadAction","target":["https:\/\/www.archademy.com.br\/blog\/8-eventos-de-arquitetura-e-design-de-interiores-que-voce-nao-pode-perder\/"]}]},{"@type":"BreadcrumbList","@id":"https:\/\/www.archademy.com.br\/blog\/8-eventos-de-arquitetura-e-design-de-interiores-que-voce-nao-pode-perder\/#breadcrumb","itemListElement":[{"@type":"ListItem","position":1,"name":"In\u00edcio","item":"https:\/\/www.archademy.com.br\/blog\/"},{"@type":"ListItem","position":2,"name":"8 eventos de arquitetura e design de interiores que voc\u00ea n\u00e3o pode perder"}]},{"@type":"WebSite","@id":"https:\/\/www.archademy.com.br\/blog\/#website","url":"https:\/\/www.archademy.com.br\/blog\/","name":"Archademy","description":"Inova\u00e7\u00e3o Em Arquitetura e Design de Interiores","publisher":{"@id":"https:\/\/www.archademy.com.br\/blog\/#organization"},"potentialAction":[{"@type":"SearchAction","target":{"@type":"EntryPoint","urlTemplate":"https:\/\/www.archademy.com.br\/blog\/?s={search_term_string}"},"query-input":"required name=search_term_string"}],"inLanguage":"pt-BR"},{"@type":"Organization","@id":"https:\/\/www.archademy.com.br\/blog\/#organization","name":"Archademy","url":"https:\/\/www.archademy.com.br\/blog\/","sameAs":[],"logo":{"@type":"ImageObject","inLanguage":"pt-BR","@id":"https:\/\/www.archademy.com.br\/blog\/#\/schema\/logo\/image\/","url":"https:\/\/www.archademy.com.br\/blog\/wp-content\/uploads\/2019\/06\/archademy-logo-b.png","contentUrl":"https:\/\/www.archademy.com.br\/blog\/wp-content\/uploads\/2019\/06\/archademy-logo-b.png","width":322,"height":150,"caption":"Archademy"},"image":{"@id":"https:\/\/www.archademy.com.br\/blog\/#\/schema\/logo\/image\/"}},{"@type":"Person","@id":"https:\/\/www.archademy.com.br\/blog\/#\/schema\/person\/fb74a8fd055fad249756bd7c4c8b56fc","name":"Thales Lucchesi","image":{"@type":"ImageObject","inLanguage":"pt-BR","@id":"https:\/\/www.archademy.com.br\/blog\/#\/schema\/person\/image\/","url":"https:\/\/www.archademy.com.br\/wp-content\/uploads\/2018\/12\/thalles-96x96.jpg","contentUrl":"https:\/\/www.archademy.com.br\/wp-content\/uploads\/2018\/12\/thalles-96x96.jpg","caption":"Thales Lucchesi"},"sameAs":["https:\/\/www.instagram.com\/thaleslucchesi\/","https:\/\/www.facebook.com\/thalesluc"],"url":"https:\/\/www.archademy.com.br\/blog\/author\/thales-lucchesi\/"}]}},"taxonomies":[{"category_link":"https:\/\/www.archademy.com.br\/blog\/category\/carreira\/","category_name":"Carreira","category_id":10},{"category_link":"https:\/\/www.archademy.com.br\/blog\/category\/workshop\/","category_name":"Workshop","category_id":11}],"thumbnail_url":"https:\/\/www.archademy.com.br\/blog\/wp-content\/uploads\/2018\/03\/lounge-de-eventos.jpg","_links":{"self":[{"href":"https:\/\/www.archademy.com.br\/blog\/wp-json\/wp\/v2\/posts\/381"}],"collection":[{"href":"https:\/\/www.archademy.com.br\/blog\/wp-json\/wp\/v2\/posts"}],"about":[{"href":"https:\/\/www.archademy.com.br\/blog\/wp-json\/wp\/v2\/types\/post"}],"author":[{"embeddable":true,"href":"https:\/\/www.archademy.com.br\/blog\/wp-json\/wp\/v2\/users\/4"}],"replies":[{"embeddable":true,"href":"https:\/\/www.archademy.com.br\/blog\/wp-json\/wp\/v2\/comments?post=381"}],"version-history":[{"count":11,"href":"https:\/\/www.archademy.com.br\/blog\/wp-json\/wp\/v2\/posts\/381\/revisions"}],"predecessor-version":[{"id":563,"href":"https:\/\/www.archademy.com.br\/blog\/wp-json\/wp\/v2\/posts\/381\/revisions\/563"}],"wp:featuredmedia":[{"embeddable":true,"href":"https:\/\/www.archademy.com.br\/blog\/wp-json\/wp\/v2\/media\/556"}],"wp:attachment":[{"href":"https:\/\/www.archademy.com.br\/blog\/wp-json\/wp\/v2\/media?parent=381"}],"wp:term":[{"taxonomy":"category","embeddable":true,"href":"https:\/\/www.archademy.com.br\/blog\/wp-json\/wp\/v2\/categories?post=381"},{"taxonomy":"post_tag","embeddable":true,"href":"https:\/\/www.archademy.com.br\/blog\/wp-json\/wp\/v2\/tags?post=381"}],"curies":[{"name":"wp","href":"https:\/\/api.w.org\/{rel}","templated":true}]}}