{"id":445,"date":"2018-04-24T10:03:54","date_gmt":"2018-04-24T10:03:54","guid":{"rendered":"http:\/\/www.archademy.com.br\/blog\/?p=445"},"modified":"2018-04-24T17:17:16","modified_gmt":"2018-04-24T17:17:16","slug":"apos-vencer-desafio-de-arquitetura-jovens-profissionais-viajam-para-milao","status":"publish","type":"post","link":"https:\/\/www.archademy.com.br\/blog\/apos-vencer-desafio-de-arquitetura-jovens-profissionais-viajam-para-milao\/","title":{"rendered":"Ap\u00f3s vencer desafio de Arquitetura, jovens profissionais viajam para Mil\u00e3o"},"content":{"rendered":"<p>Em Mar\u00e7o deste ano, durante o <a href=\"http:\/\/www.archathon.com.br\">Archathon<\/a>, o maior workshop Arch&amp;Design das Am\u00e9ricas, 90 profissionais foram desafiados a criar um projeto de interiores em menos de 24 horas. O briefing era a &#8220;Casa dos Sonhos&#8221; da influencer Lucila Zahran Turqueto do blog Casa de Valentina. O evento teve o apoio de grandes marcas como Hunter Douglas, Ettore, Urban Arts, Saint Gobain Glass, Creditas Reforma, Deca, Duratex, Durafloor, Hydra, Ceusa, Dunelli, Promob e Clube&amp;Casa.<\/p>\n<p>O pr\u00eamio in\u00e9dito para os vencedores foi uma viagem para Mil\u00e3o durante o Salone del Mobile. Rec\u00e9m-chegadas de viagem, as arquitetas paulistanas Gabriela Verzaro, Lara Mauad e Lis Figueiredo Martins, que tiveram a mentoria de Renata Costa do @apto41 durante o Archathon, contam para o #archanews como foi a experi\u00eancia. Confira!<\/p>\n<p><img loading=\"lazy\" class=\"alignnone size-full wp-image-430\" src=\"http:\/\/www.archademy.com.br\/blog\/wp-content\/uploads\/2018\/04\/WhatsApp-Image-2018-04-23-at-11.02.17.jpeg\" alt=\"\" width=\"1280\" height=\"960\" srcset=\"https:\/\/www.archademy.com.br\/blog\/wp-content\/uploads\/2018\/04\/WhatsApp-Image-2018-04-23-at-11.02.17.jpeg 1280w, https:\/\/www.archademy.com.br\/blog\/wp-content\/uploads\/2018\/04\/WhatsApp-Image-2018-04-23-at-11.02.17-300x225.jpeg 300w, https:\/\/www.archademy.com.br\/blog\/wp-content\/uploads\/2018\/04\/WhatsApp-Image-2018-04-23-at-11.02.17-768x576.jpeg 768w, https:\/\/www.archademy.com.br\/blog\/wp-content\/uploads\/2018\/04\/WhatsApp-Image-2018-04-23-at-11.02.17-1024x768.jpeg 1024w\" sizes=\"(max-width: 1280px) 100vw, 1280px\" \/><\/p>\n<p><strong>Pela primeira vez o Archathon levou arquitetos para Mil\u00e3o. Como voc\u00eas encaram essa oportunidade, agora que j\u00e1 viveram a experi\u00eancia? <\/strong><br \/>\nFoi \u00fanica e inspiradora. Muita informa\u00e7\u00e3o vivida e vista em pouco tempo, agora que voltamos \u00e9 hora de organizar tudo que vimos pra absorver ao m\u00e1ximo cada detalhe e conseguirmos usar no trabalho(esse \u00e9 o maior objetivo)<\/p>\n<p><strong>Todo Arquiteto ou Designer sonha em conhecer Mil\u00e3o durante a Semana de Design. \u00c9 tudo isso e um pouco mais? <\/strong><br \/>\nConsiderado o maior evento de design do mundo e n\u00e3o \u00e0 toa. \u00c9 poss\u00edvel ver durante essa semana os novos produtos e tecnologias criadas por grandes profissionais, grandes marcas e por jovens designers, muita coisa interessante \u00e9 surpreendente. Realmente superou nossas expectativas<\/p>\n<p><strong>Por que vale a pena ir? <\/strong><br \/>\nEm Mil\u00e3o, durante a semana do Salone del Mobile, se concentra tudo que h\u00e1 de mais novo, moderno e inovador no mercado da arquitetura e design mundial.<\/p>\n<p><strong>O que foi mais surpreendente? <\/strong><br \/>\nImposs\u00edvel citar apenas 1 item. Este ano teve como tema a \u201ccozinha\u201d, onde pudemos ver as principais tend\u00eancias, foi \u00f3timo. A exposi\u00e7\u00e3o Sat\u00e9lite, de jovens e pequenos designers, que aconteceu dentro do Salone, foi realmente impressionante e emocionante. Em Brera, um bairro muito charmoso, pudemos ver muito design brasileiro, o que nos deixou muito orgulhosas.<\/p>\n<p><strong>Salone ou Fuorisalone? <\/strong><br \/>\nPor ser a primeira vez que estivemos em Mil\u00e3o nesta semana, os dois foram extremamente importantes. Mas o Fuori nos tirou o f\u00f4lego, \u00e9 maravilhoso poder andar por toda a cidade e ver design e exposi\u00e7\u00f5es espalhadas por todo canto e livre para todos.<\/p>\n<p><strong>Como aproveitar ao m\u00e1ximo a feira? Voc\u00eas se prepararam?<\/strong><br \/>\nBom, a semana \u00e9 pequena e s\u00e3o muitos eventos rolando ao mesmo tempo. Mais especificamente s\u00e3o 350 eventos em 5 dias no Fuori e 2000 exibidores no Salone. Ent\u00e3o tivemos que organizar as prioridades das visitas para conseguirmos encaixar na agenda e aproveitar da melhor forma poss\u00edvel. Conseguimos ver muita coisa, e voltamos com gostinho de quero mais.<\/p>\n<p><strong>O que voc\u00eas trazem para o Brasil dessa experi\u00eancia?<\/strong><br \/>\nMuitas inspira\u00e7\u00f5es trouxemos na bagagem de volta, \u00e9 incr\u00edvel poder ver o que o mundo cria, as diferen\u00e7as e semelhan\u00e7as de cada pa\u00eds e cultura, maravilhoso como tudo se complementa. Adoramos cada experi\u00eancia e networking que tivemos com grandes marcas e profissionais da \u00e1rea, \u00f3timo poder trocar experi\u00eancias e conversar com quem est\u00e1 a mais tempo no mercado.<\/p>\n<p>A pr\u00f3xima edi\u00e7\u00e3o do Archathon acontece em Vit\u00f3ria, durante a Vit\u00f3ria Stone Fair, de 05 a 08 de junho. O pr\u00eamio? Uma viagem para It\u00e1lia durante a Marmomac, feira que \u00e9 refer\u00eancia internacional em rochas ornamentais. Inscri\u00e7\u00f5es gratuitas pelo <a href=\"http:\/\/bit.ly\/SeletivaVitoriaStoneFair\">site<\/a> at\u00e9 28\/05.<\/p>\n<p><img loading=\"lazy\" class=\"alignnone size-full wp-image-432\" src=\"http:\/\/www.archademy.com.br\/blog\/wp-content\/uploads\/2018\/04\/WhatsApp-Image-2018-04-23-at-10.57.29.jpeg\" alt=\"\" width=\"1024\" height=\"1280\" srcset=\"https:\/\/www.archademy.com.br\/blog\/wp-content\/uploads\/2018\/04\/WhatsApp-Image-2018-04-23-at-10.57.29.jpeg 1024w, https:\/\/www.archademy.com.br\/blog\/wp-content\/uploads\/2018\/04\/WhatsApp-Image-2018-04-23-at-10.57.29-240x300.jpeg 240w, https:\/\/www.archademy.com.br\/blog\/wp-content\/uploads\/2018\/04\/WhatsApp-Image-2018-04-23-at-10.57.29-768x960.jpeg 768w, https:\/\/www.archademy.com.br\/blog\/wp-content\/uploads\/2018\/04\/WhatsApp-Image-2018-04-23-at-10.57.29-819x1024.jpeg 819w\" sizes=\"(max-width: 1024px) 100vw, 1024px\" \/><\/p>\n","protected":false},"excerpt":{"rendered":"<p>Em Mar\u00e7o deste ano, durante o Archathon, o maior workshop Arch&amp;Design das Am\u00e9ricas, 90 profissionais foram desafiados a criar um projeto de interiores em menos de 24 horas. O briefing era a &#8220;Casa dos Sonhos&#8221; da influencer Lucila Zahran Turqueto do blog Casa de Valentina. O evento teve o apoio de grandes marcas como Hunter &hellip; <\/p>\n<p class=\"link-more\"><a href=\"https:\/\/www.archademy.com.br\/blog\/apos-vencer-desafio-de-arquitetura-jovens-profissionais-viajam-para-milao\/\" class=\"more-link\">Leia mais <span class=\"screen-reader-text\"> &#8220;Ap\u00f3s vencer desafio de Arquitetura, jovens profissionais viajam para Mil\u00e3o&#8221;<\/span><\/a><\/p>\n","protected":false},"author":3,"featured_media":422,"comment_status":"open","ping_status":"open","sticky":true,"template":"","format":"standard","meta":[],"categories":[10,11],"tags":[15,16],"yoast_head":"<!-- This site is optimized with the Yoast SEO plugin v19.8 - https:\/\/yoast.com\/wordpress\/plugins\/seo\/ -->\n<title>Ap\u00f3s vencer desafio de Arquitetura, jovens profissionais viajam para Mil\u00e3o - Archademy<\/title>\n<meta name=\"robots\" content=\"index, follow, max-snippet:-1, max-image-preview:large, max-video-preview:-1\" \/>\n<link rel=\"canonical\" href=\"https:\/\/www.archademy.com.br\/blog\/apos-vencer-desafio-de-arquitetura-jovens-profissionais-viajam-para-milao\/\" \/>\n<meta property=\"og:locale\" content=\"pt_BR\" \/>\n<meta property=\"og:type\" content=\"article\" \/>\n<meta property=\"og:title\" content=\"Ap\u00f3s vencer desafio de Arquitetura, jovens profissionais viajam para Mil\u00e3o - Archademy\" \/>\n<meta property=\"og:description\" content=\"Em Mar\u00e7o deste ano, durante o Archathon, o maior workshop Arch&amp;Design das Am\u00e9ricas, 90 profissionais foram desafiados a criar um projeto de interiores em menos de 24 horas. O briefing era a &#8220;Casa dos Sonhos&#8221; da influencer Lucila Zahran Turqueto do blog Casa de Valentina. O evento teve o apoio de grandes marcas como Hunter &hellip; Leia mais &quot;Ap\u00f3s vencer desafio de Arquitetura, jovens profissionais viajam para Mil\u00e3o&quot;\" \/>\n<meta property=\"og:url\" content=\"https:\/\/www.archademy.com.br\/blog\/apos-vencer-desafio-de-arquitetura-jovens-profissionais-viajam-para-milao\/\" \/>\n<meta property=\"og:site_name\" content=\"Archademy\" \/>\n<meta property=\"article:published_time\" content=\"2018-04-24T10:03:54+00:00\" \/>\n<meta property=\"article:modified_time\" content=\"2018-04-24T17:17:16+00:00\" \/>\n<meta property=\"og:image\" content=\"https:\/\/www.archademy.com.br\/blog\/wp-content\/uploads\/2018\/04\/WhatsApp-Image-2018-04-23-at-11.00.44-e1524521137920.jpeg\" \/>\n\t<meta property=\"og:image:width\" content=\"998\" \/>\n\t<meta property=\"og:image:height\" content=\"694\" \/>\n\t<meta property=\"og:image:type\" content=\"image\/jpeg\" \/>\n<meta name=\"author\" content=\"Anna Rafaela\" \/>\n<meta name=\"twitter:card\" content=\"summary_large_image\" \/>\n<meta name=\"twitter:label1\" content=\"Escrito por\" \/>\n\t<meta name=\"twitter:data1\" content=\"Anna Rafaela\" \/>\n\t<meta name=\"twitter:label2\" content=\"Est. tempo de leitura\" \/>\n\t<meta name=\"twitter:data2\" content=\"3 minutos\" \/>\n<script type=\"application\/ld+json\" class=\"yoast-schema-graph\">{\"@context\":\"https:\/\/schema.org\",\"@graph\":[{\"@type\":\"Article\",\"@id\":\"https:\/\/www.archademy.com.br\/blog\/apos-vencer-desafio-de-arquitetura-jovens-profissionais-viajam-para-milao\/#article\",\"isPartOf\":{\"@id\":\"https:\/\/www.archademy.com.br\/blog\/apos-vencer-desafio-de-arquitetura-jovens-profissionais-viajam-para-milao\/\"},\"author\":{\"name\":\"Anna Rafaela\",\"@id\":\"https:\/\/www.archademy.com.br\/blog\/#\/schema\/person\/93a41836827c98e2db07db5c883c6609\"},\"headline\":\"Ap\u00f3s vencer desafio de Arquitetura, jovens profissionais viajam para Mil\u00e3o\",\"datePublished\":\"2018-04-24T10:03:54+00:00\",\"dateModified\":\"2018-04-24T17:17:16+00:00\",\"mainEntityOfPage\":{\"@id\":\"https:\/\/www.archademy.com.br\/blog\/apos-vencer-desafio-de-arquitetura-jovens-profissionais-viajam-para-milao\/\"},\"wordCount\":603,\"commentCount\":2,\"publisher\":{\"@id\":\"https:\/\/www.archademy.com.br\/blog\/#organization\"},\"keywords\":[\"archathon\",\"mil\u00e3o\"],\"articleSection\":[\"Carreira\",\"Workshop\"],\"inLanguage\":\"pt-BR\",\"potentialAction\":[{\"@type\":\"CommentAction\",\"name\":\"Comment\",\"target\":[\"https:\/\/www.archademy.com.br\/blog\/apos-vencer-desafio-de-arquitetura-jovens-profissionais-viajam-para-milao\/#respond\"]}]},{\"@type\":\"WebPage\",\"@id\":\"https:\/\/www.archademy.com.br\/blog\/apos-vencer-desafio-de-arquitetura-jovens-profissionais-viajam-para-milao\/\",\"url\":\"https:\/\/www.archademy.com.br\/blog\/apos-vencer-desafio-de-arquitetura-jovens-profissionais-viajam-para-milao\/\",\"name\":\"Ap\u00f3s vencer desafio de Arquitetura, jovens profissionais viajam para Mil\u00e3o - Archademy\",\"isPartOf\":{\"@id\":\"https:\/\/www.archademy.com.br\/blog\/#website\"},\"datePublished\":\"2018-04-24T10:03:54+00:00\",\"dateModified\":\"2018-04-24T17:17:16+00:00\",\"breadcrumb\":{\"@id\":\"https:\/\/www.archademy.com.br\/blog\/apos-vencer-desafio-de-arquitetura-jovens-profissionais-viajam-para-milao\/#breadcrumb\"},\"inLanguage\":\"pt-BR\",\"potentialAction\":[{\"@type\":\"ReadAction\",\"target\":[\"https:\/\/www.archademy.com.br\/blog\/apos-vencer-desafio-de-arquitetura-jovens-profissionais-viajam-para-milao\/\"]}]},{\"@type\":\"BreadcrumbList\",\"@id\":\"https:\/\/www.archademy.com.br\/blog\/apos-vencer-desafio-de-arquitetura-jovens-profissionais-viajam-para-milao\/#breadcrumb\",\"itemListElement\":[{\"@type\":\"ListItem\",\"position\":1,\"name\":\"In\u00edcio\",\"item\":\"https:\/\/www.archademy.com.br\/blog\/\"},{\"@type\":\"ListItem\",\"position\":2,\"name\":\"Ap\u00f3s vencer desafio de Arquitetura, jovens profissionais viajam para Mil\u00e3o\"}]},{\"@type\":\"WebSite\",\"@id\":\"https:\/\/www.archademy.com.br\/blog\/#website\",\"url\":\"https:\/\/www.archademy.com.br\/blog\/\",\"name\":\"Archademy\",\"description\":\"Inova\u00e7\u00e3o Em Arquitetura e Design de Interiores\",\"publisher\":{\"@id\":\"https:\/\/www.archademy.com.br\/blog\/#organization\"},\"potentialAction\":[{\"@type\":\"SearchAction\",\"target\":{\"@type\":\"EntryPoint\",\"urlTemplate\":\"https:\/\/www.archademy.com.br\/blog\/?s={search_term_string}\"},\"query-input\":\"required name=search_term_string\"}],\"inLanguage\":\"pt-BR\"},{\"@type\":\"Organization\",\"@id\":\"https:\/\/www.archademy.com.br\/blog\/#organization\",\"name\":\"Archademy\",\"url\":\"https:\/\/www.archademy.com.br\/blog\/\",\"sameAs\":[],\"logo\":{\"@type\":\"ImageObject\",\"inLanguage\":\"pt-BR\",\"@id\":\"https:\/\/www.archademy.com.br\/blog\/#\/schema\/logo\/image\/\",\"url\":\"https:\/\/www.archademy.com.br\/blog\/wp-content\/uploads\/2019\/06\/archademy-logo-b.png\",\"contentUrl\":\"https:\/\/www.archademy.com.br\/blog\/wp-content\/uploads\/2019\/06\/archademy-logo-b.png\",\"width\":322,\"height\":150,\"caption\":\"Archademy\"},\"image\":{\"@id\":\"https:\/\/www.archademy.com.br\/blog\/#\/schema\/logo\/image\/\"}},{\"@type\":\"Person\",\"@id\":\"https:\/\/www.archademy.com.br\/blog\/#\/schema\/person\/93a41836827c98e2db07db5c883c6609\",\"name\":\"Anna Rafaela\",\"image\":{\"@type\":\"ImageObject\",\"inLanguage\":\"pt-BR\",\"@id\":\"https:\/\/www.archademy.com.br\/blog\/#\/schema\/person\/image\/\",\"url\":\"https:\/\/secure.gravatar.com\/avatar\/8b6037c4c22d9b66d8f5ca681ec7052a?s=96&d=mm&r=g\",\"contentUrl\":\"https:\/\/secure.gravatar.com\/avatar\/8b6037c4c22d9b66d8f5ca681ec7052a?s=96&d=mm&r=g\",\"caption\":\"Anna Rafaela\"},\"url\":\"https:\/\/www.archademy.com.br\/blog\/author\/anna-rafhaela\/\"}]}<\/script>\n<!-- \/ Yoast SEO plugin. -->","yoast_head_json":{"title":"Ap\u00f3s vencer desafio de Arquitetura, jovens profissionais viajam para Mil\u00e3o - Archademy","robots":{"index":"index","follow":"follow","max-snippet":"max-snippet:-1","max-image-preview":"max-image-preview:large","max-video-preview":"max-video-preview:-1"},"canonical":"https:\/\/www.archademy.com.br\/blog\/apos-vencer-desafio-de-arquitetura-jovens-profissionais-viajam-para-milao\/","og_locale":"pt_BR","og_type":"article","og_title":"Ap\u00f3s vencer desafio de Arquitetura, jovens profissionais viajam para Mil\u00e3o - Archademy","og_description":"Em Mar\u00e7o deste ano, durante o Archathon, o maior workshop Arch&amp;Design das Am\u00e9ricas, 90 profissionais foram desafiados a criar um projeto de interiores em menos de 24 horas. O briefing era a &#8220;Casa dos Sonhos&#8221; da influencer Lucila Zahran Turqueto do blog Casa de Valentina. O evento teve o apoio de grandes marcas como Hunter &hellip; Leia mais \"Ap\u00f3s vencer desafio de Arquitetura, jovens profissionais viajam para Mil\u00e3o\"","og_url":"https:\/\/www.archademy.com.br\/blog\/apos-vencer-desafio-de-arquitetura-jovens-profissionais-viajam-para-milao\/","og_site_name":"Archademy","article_published_time":"2018-04-24T10:03:54+00:00","article_modified_time":"2018-04-24T17:17:16+00:00","og_image":[{"width":998,"height":694,"url":"https:\/\/www.archademy.com.br\/blog\/wp-content\/uploads\/2018\/04\/WhatsApp-Image-2018-04-23-at-11.00.44-e1524521137920.jpeg","type":"image\/jpeg"}],"author":"Anna Rafaela","twitter_card":"summary_large_image","twitter_misc":{"Escrito por":"Anna Rafaela","Est. tempo de leitura":"3 minutos"},"schema":{"@context":"https:\/\/schema.org","@graph":[{"@type":"Article","@id":"https:\/\/www.archademy.com.br\/blog\/apos-vencer-desafio-de-arquitetura-jovens-profissionais-viajam-para-milao\/#article","isPartOf":{"@id":"https:\/\/www.archademy.com.br\/blog\/apos-vencer-desafio-de-arquitetura-jovens-profissionais-viajam-para-milao\/"},"author":{"name":"Anna Rafaela","@id":"https:\/\/www.archademy.com.br\/blog\/#\/schema\/person\/93a41836827c98e2db07db5c883c6609"},"headline":"Ap\u00f3s vencer desafio de Arquitetura, jovens profissionais viajam para Mil\u00e3o","datePublished":"2018-04-24T10:03:54+00:00","dateModified":"2018-04-24T17:17:16+00:00","mainEntityOfPage":{"@id":"https:\/\/www.archademy.com.br\/blog\/apos-vencer-desafio-de-arquitetura-jovens-profissionais-viajam-para-milao\/"},"wordCount":603,"commentCount":2,"publisher":{"@id":"https:\/\/www.archademy.com.br\/blog\/#organization"},"keywords":["archathon","mil\u00e3o"],"articleSection":["Carreira","Workshop"],"inLanguage":"pt-BR","potentialAction":[{"@type":"CommentAction","name":"Comment","target":["https:\/\/www.archademy.com.br\/blog\/apos-vencer-desafio-de-arquitetura-jovens-profissionais-viajam-para-milao\/#respond"]}]},{"@type":"WebPage","@id":"https:\/\/www.archademy.com.br\/blog\/apos-vencer-desafio-de-arquitetura-jovens-profissionais-viajam-para-milao\/","url":"https:\/\/www.archademy.com.br\/blog\/apos-vencer-desafio-de-arquitetura-jovens-profissionais-viajam-para-milao\/","name":"Ap\u00f3s vencer desafio de Arquitetura, jovens profissionais viajam para Mil\u00e3o - Archademy","isPartOf":{"@id":"https:\/\/www.archademy.com.br\/blog\/#website"},"datePublished":"2018-04-24T10:03:54+00:00","dateModified":"2018-04-24T17:17:16+00:00","breadcrumb":{"@id":"https:\/\/www.archademy.com.br\/blog\/apos-vencer-desafio-de-arquitetura-jovens-profissionais-viajam-para-milao\/#breadcrumb"},"inLanguage":"pt-BR","potentialAction":[{"@type":"ReadAction","target":["https:\/\/www.archademy.com.br\/blog\/apos-vencer-desafio-de-arquitetura-jovens-profissionais-viajam-para-milao\/"]}]},{"@type":"BreadcrumbList","@id":"https:\/\/www.archademy.com.br\/blog\/apos-vencer-desafio-de-arquitetura-jovens-profissionais-viajam-para-milao\/#breadcrumb","itemListElement":[{"@type":"ListItem","position":1,"name":"In\u00edcio","item":"https:\/\/www.archademy.com.br\/blog\/"},{"@type":"ListItem","position":2,"name":"Ap\u00f3s vencer desafio de Arquitetura, jovens profissionais viajam para Mil\u00e3o"}]},{"@type":"WebSite","@id":"https:\/\/www.archademy.com.br\/blog\/#website","url":"https:\/\/www.archademy.com.br\/blog\/","name":"Archademy","description":"Inova\u00e7\u00e3o Em Arquitetura e Design de Interiores","publisher":{"@id":"https:\/\/www.archademy.com.br\/blog\/#organization"},"potentialAction":[{"@type":"SearchAction","target":{"@type":"EntryPoint","urlTemplate":"https:\/\/www.archademy.com.br\/blog\/?s={search_term_string}"},"query-input":"required name=search_term_string"}],"inLanguage":"pt-BR"},{"@type":"Organization","@id":"https:\/\/www.archademy.com.br\/blog\/#organization","name":"Archademy","url":"https:\/\/www.archademy.com.br\/blog\/","sameAs":[],"logo":{"@type":"ImageObject","inLanguage":"pt-BR","@id":"https:\/\/www.archademy.com.br\/blog\/#\/schema\/logo\/image\/","url":"https:\/\/www.archademy.com.br\/blog\/wp-content\/uploads\/2019\/06\/archademy-logo-b.png","contentUrl":"https:\/\/www.archademy.com.br\/blog\/wp-content\/uploads\/2019\/06\/archademy-logo-b.png","width":322,"height":150,"caption":"Archademy"},"image":{"@id":"https:\/\/www.archademy.com.br\/blog\/#\/schema\/logo\/image\/"}},{"@type":"Person","@id":"https:\/\/www.archademy.com.br\/blog\/#\/schema\/person\/93a41836827c98e2db07db5c883c6609","name":"Anna Rafaela","image":{"@type":"ImageObject","inLanguage":"pt-BR","@id":"https:\/\/www.archademy.com.br\/blog\/#\/schema\/person\/image\/","url":"https:\/\/secure.gravatar.com\/avatar\/8b6037c4c22d9b66d8f5ca681ec7052a?s=96&d=mm&r=g","contentUrl":"https:\/\/secure.gravatar.com\/avatar\/8b6037c4c22d9b66d8f5ca681ec7052a?s=96&d=mm&r=g","caption":"Anna Rafaela"},"url":"https:\/\/www.archademy.com.br\/blog\/author\/anna-rafhaela\/"}]}},"taxonomies":[{"category_link":"https:\/\/www.archademy.com.br\/blog\/category\/carreira\/","category_name":"Carreira","category_id":10},{"category_link":"https:\/\/www.archademy.com.br\/blog\/category\/workshop\/","category_name":"Workshop","category_id":11}],"thumbnail_url":"https:\/\/www.archademy.com.br\/blog\/wp-content\/uploads\/2018\/04\/WhatsApp-Image-2018-04-23-at-11.00.44-819x1024.jpeg","_links":{"self":[{"href":"https:\/\/www.archademy.com.br\/blog\/wp-json\/wp\/v2\/posts\/445"}],"collection":[{"href":"https:\/\/www.archademy.com.br\/blog\/wp-json\/wp\/v2\/posts"}],"about":[{"href":"https:\/\/www.archademy.com.br\/blog\/wp-json\/wp\/v2\/types\/post"}],"author":[{"embeddable":true,"href":"https:\/\/www.archademy.com.br\/blog\/wp-json\/wp\/v2\/users\/3"}],"replies":[{"embeddable":true,"href":"https:\/\/www.archademy.com.br\/blog\/wp-json\/wp\/v2\/comments?post=445"}],"version-history":[{"count":1,"href":"https:\/\/www.archademy.com.br\/blog\/wp-json\/wp\/v2\/posts\/445\/revisions"}],"predecessor-version":[{"id":446,"href":"https:\/\/www.archademy.com.br\/blog\/wp-json\/wp\/v2\/posts\/445\/revisions\/446"}],"wp:featuredmedia":[{"embeddable":true,"href":"https:\/\/www.archademy.com.br\/blog\/wp-json\/wp\/v2\/media\/422"}],"wp:attachment":[{"href":"https:\/\/www.archademy.com.br\/blog\/wp-json\/wp\/v2\/media?parent=445"}],"wp:term":[{"taxonomy":"category","embeddable":true,"href":"https:\/\/www.archademy.com.br\/blog\/wp-json\/wp\/v2\/categories?post=445"},{"taxonomy":"post_tag","embeddable":true,"href":"https:\/\/www.archademy.com.br\/blog\/wp-json\/wp\/v2\/tags?post=445"}],"curies":[{"name":"wp","href":"https:\/\/api.w.org\/{rel}","templated":true}]}}