{"id":4622,"date":"2019-07-04T14:23:28","date_gmt":"2019-07-04T17:23:28","guid":{"rendered":"https:\/\/www.archademy.com.br\/blog\/local-de-trabalho-arquiteto\/"},"modified":"2019-08-12T18:51:35","modified_gmt":"2019-08-12T21:51:35","slug":"local-de-trabalho-arquiteto","status":"publish","type":"post","link":"https:\/\/www.archademy.com.br\/blog\/local-de-trabalho-arquiteto\/","title":{"rendered":"Como o local de trabalho influencia na sua carreira de arquiteto"},"content":{"rendered":"<p>J\u00e1 parou pra pensar que muitos fatores interferem na qualidade dos seus projetos? &#8220;A escolha do local de trabalho \u00e9 decisiva, pois, como comprova a neuroci\u00eancia aplicada \u00e0 arquitetura, o ambiente tem impacto direto no comportamento e, consequentemente, na performance.&#8221;, explica Priscilla Priscilla Bencke, Arquiteta e Consultora de Qualidade em Escrit\u00f3rios (Quality Office Consultant &#8211; Alemanha), especialista em Neuroci\u00eancia aplicada aos Ambientes de Trabalho (Neuroscience for Architecture &#8211; Newschool\/EUA).<\/p>\n<p>Ou seja, n\u00e3o basta ter acesso \u00e0s melhores <a href=\"https:\/\/www.archademy.com.br\/blog\/plugins-para-sketchup\/\" target=\"_blank\" rel=\"noopener noreferrer\">ferramentas<\/a><a href=\"https:\/\/www.archademy.com.br\/blog\/plugins-para-sketchup\/\" target=\"_blank\" rel=\"noopener noreferrer\"> de trabalho<\/a>, informa\u00e7\u00f5es sobre produtos, materiais e tend\u00eancias do mercado, a sua produtividade di\u00e1ria est\u00e1 diretamente relacionada \u00e0 <strong>configura\u00e7\u00e3o do seu local de trabalho<\/strong>. Afinal, o que \u00e9 melhor para a carreira de um arquiteto: a seguran\u00e7a dos espa\u00e7os tradicionais ou a inova\u00e7\u00e3o dos ambientes modernos?<\/p>\n<p>\u00c9 o que voc\u00ea descobrir\u00e1 neste artigo que preparamos sobre o assunto Confira!<\/p>\n<h2>Home office<\/h2>\n<p>Um mundo conectado abre possibilidades para que muitos servi\u00e7os sejam executados remotamente, isto \u00e9, fora do ambiente corporativo comum. Essa onda de pessoas que preferem exercer trabalhos em diferentes lugares s\u00f3 cresce e atinge, inclusive, os <a href=\"https:\/\/www.archademy.com.br\/blog\/como-ser-um-bom-arquiteto-confira-7-dicas\/\" target=\"_blank\" rel=\"noopener noreferrer\">arquitetos<\/a>.<\/p>\n<p>Entre os espa\u00e7os que se transformam em local de trabalho est\u00e1 a pr\u00f3pria resid\u00eancia do profissional. A modalidade, conhecida como home office, consiste em <strong>atuar dentro de um recinto dom\u00e9stico adaptado<\/strong> \u2014 uma sala, quarto ou ateli\u00ea, por exemplo.<\/p>\n<p>\u00c9 poss\u00edvel trabalhar de casa em tempo integral ou em apenas alguns dias da semana. Em todo caso, \u00e9 preciso bastante organiza\u00e7\u00e3o para que vida pessoal e profissional n\u00e3o se misturem e sejam aproveitadas apenas em momentos apropriados.<\/p>\n<h3>Vantagens<\/h3>\n<p>Os principais benef\u00edcios do home office incluem <strong>comodidade, conforto e flexibiliza\u00e7\u00e3o de hor\u00e1rios<\/strong>. A rotina informal possibilita ao arquiteto trabalhar nos per\u00edodos em que se sente mais produtivo. Outro ponto a favor est\u00e1 na economia com transporte, alimenta\u00e7\u00e3o e outras despesas que seriam necess\u00e1rias para manter um escrit\u00f3rio funcionando.<\/p>\n<h3>Desvantagens<\/h3>\n<p>Uma casa tem distra\u00e7\u00f5es que precisam ser evitadas, como barulho da televis\u00e3o, animais de estima\u00e7\u00e3o e crian\u00e7as. Para quem \u00e9 pouco disciplinado ou tem dificuldades em se concentrar, isso pode ser um desafio. Tamb\u00e9m \u00e9 preciso considerar que no home office o profissional trabalha sozinho e pode <strong>sentir falta da intera\u00e7\u00e3o com outras pessoas<\/strong>.<\/p>\n<h2>Escrit\u00f3rio pr\u00f3prio<\/h2>\n<p>Montar uma empresa e garantir que seu nome seja rapidamente reconhecido \u00e9 o sonho de muitos arquitetos. Prova disso est\u00e1 na grande quantidade de profissionais que preferem abrir escrit\u00f3rios para refor\u00e7ar uma marca e come\u00e7ar a <strong>desenvolver <\/strong><a href=\"https:\/\/www.archademy.com.br\/blog\/projeto-executivo-de-arquitetura\/\" target=\"_blank\" rel=\"noopener noreferrer\"><strong>projetos arquitet\u00f4nicos<\/strong><\/a> <strong>com seus s\u00f3cios<\/strong>.<\/p>\n<p>Nesses casos, o local de trabalho pode ser tanto uma sala comercial alugada (geralmente em um edif\u00edcio corporativo) quanto um im\u00f3vel que esteja no nome do profissional. Independentemente da escolha, \u00e9 crucial garantir que o ambiente seja facilmente encontrado pelo p\u00fablico.<\/p>\n<h3>Vantagens<\/h3>\n<p>Um dos grandes benef\u00edcios do escrit\u00f3rio est\u00e1 na qualidade do espa\u00e7o. Com essa modalidade \u00e9 poss\u00edvel ter uma <strong>sala pr\u00f3pria para receber clientes com conforto<\/strong>, al\u00e9m de \u00e1rea suficiente para instalar o mobili\u00e1rio e todos os recursos utilizados nos trabalhos. Ao contr\u00e1rio do home office, uma sala comercial tem <strong>boa visibilidade<\/strong> e ajuda a atrair potenciais clientes.<\/p>\n<h3>Desvantagens<\/h3>\n<p>O principal desafio enfrentado por quem deseja ter um escrit\u00f3rio de arquitetura \u00e9 o investimento. Afinal, como toda empresa em in\u00edcio de opera\u00e7\u00e3o, exige recursos suficientes para preparar o local, adquirir equipamentos, desenvolver estrat\u00e9gias de marketing, dentre outras a\u00e7\u00f5es importantes. O <strong>processo de abertura de empresa pode ser burocr\u00e1tico<\/strong> e considerado um inc\u00f4modo para muitas pessoas.<\/p>\n<h2>Coworking<\/h2>\n<p>Esse modelo se baseia no compartilhamento dos espa\u00e7os e dos recursos de um escrit\u00f3rio. Assim, permite que profissionais de diversas \u00e1reas e de diferentes empresas executem seus trabalhos no mesmo ambiente. N\u00e3o \u00e9 \u00e0 toa que o conceito de coworking se popularizou e hoje \u00e9 <strong>cada vez mais valorizado por arquitetos<\/strong>.<\/p>\n<p>Esse tipo de local de trabalho \u00e9 facilmente encontrado em grandes cidades, principalmente nas capitais. Inclusive, \u00e9 muito procurado por profissionais aut\u00f4nomos que atuam em home office e, vez ou outra, precisam de um <strong>espa\u00e7o adequado e com credibilidade<\/strong> para encontrar seus clientes.<\/p>\n<p>\u00c9 poss\u00edvel encontrar coworkings adaptados para receber profissionais de \u00e1reas espec\u00edficas, como Design e Arquitetura. S\u00e3o ambientes exclusivos que contam com esta\u00e7\u00f5es de trabalho e instrumentos adequados para o desenvolvimento de servi\u00e7os caracter\u00edsticos dessas profiss\u00f5es.<\/p>\n<h3>Vantagens<\/h3>\n<p>Compartilhar a \u00e1rea de trabalho permite dividir custos relacionados \u00e0 manuten\u00e7\u00e3o e \u00e0 administra\u00e7\u00e3o do escrit\u00f3rio com outros profissionais. Isso faz com que o arquiteto consiga focar no que realmente importa e <strong>atender seus clientes a qualquer momento<\/strong>, no coworking mais pr\u00f3ximo.<\/p>\n<p>Trabalhar em um local frequentado por pessoas de outras empresas e especialidades tamb\u00e9m promove o networking, que pode resultar no fechamento de novas parcerias e modelos de neg\u00f3cios. Voc\u00ea, como arquiteto, pode at\u00e9 trocar ideias sobre assuntos variados, inclusive <a href=\"https:\/\/www.archademy.com.br\/blog\/7-dicas-para-reformar-ou-decorar-um-apartamento-alugado\/\" target=\"_blank\" rel=\"noopener noreferrer\">reforma e decora\u00e7\u00e3o<\/a>.<\/p>\n<h3>Desvantagens<\/h3>\n<p>O barulho e a falta de privacidade poderiam ser apontados como pontos negativos do coworking. No entanto, muitos desses espa\u00e7os j\u00e1 contam com salas individuais para a realiza\u00e7\u00e3o de reuni\u00f5es, palestras e conversas com clientes. Nesse sentido, a dica \u00e9 <strong>avaliar a estrutura de diferentes ambientes<\/strong> para encontrar um que esteja alinhado ao que voc\u00ea procura.<\/p>\n<h2>Aceleradora para arquitetos<\/h2>\n<p>E se voc\u00ea pudesse ter todas as vantagens de um coworking , s\u00f3 que altamente segmentado e com acesso a ferramentas que ajudassem no desenvolvimento do seu escrit\u00f3rio? Essa \u00e9 a proposta da <a href=\"https:\/\/www.archademy.com.br\/\" target=\"_blank\" rel=\"noopener noreferrer\">Archademy<\/a>, <strong>primeira e \u00fanica aceleradora para escrit\u00f3rios de Arquitetura e Design de Interiores do mundo<\/strong>.<\/p>\n<p>Com a primeira unidade em S\u00e3o Paulo, no Itaim, a Archademy oferece um espa\u00e7o moderno, com instala\u00e7\u00f5es e servi\u00e7os para aumentar a performance dos profissionais da Arquitetura e Design de Interiores. O objetivo \u00e9 colaborar para o crescimento de diversos escrit\u00f3rios, fazendo com que tenham mais chances de se consolidar no mercado.<\/p>\n<p>Como Membro da Archademy voc\u00ea pode participar de eventos, fazer networking, <a href=\"https:\/\/www.archademy.com.br\/blog\/afinal-como-fazer-parcerias-de-sucesso-com-outras-empresas\/\" target=\"_blank\" rel=\"noopener noreferrer\">estabelecer parcerias<\/a> e p\u00f4r em pr\u00e1tica diversas <strong>estrat\u00e9gias para alcan\u00e7ar os melhores resultados<\/strong>.<\/p>\n<p>Levantamento conduzido em 2019, nos Estados Unidos, pela empresa<a href=\"https:\/\/www.gensler.com\/research-insight\/workplace-surveys\/us\/2019\" target=\"_blank\" rel=\"noopener noreferrer\"> Gensler<\/a>, uma das mais importantes e influentes firmas de arquitetura e design do mundo, constatou que o uso de espa\u00e7os compartilhados\u00a0s\u00e3o associados \u00e0\u00a0melhor efic\u00e1cia e experi\u00eancia, principalmente para colabora\u00e7\u00e3o e conex\u00e3o.\u00a0Para Camila Mantovani, do <a href=\"https:\/\/www.instagram.com\/retailbox\/\" target=\"_blank\" rel=\"noopener noreferrer\">Retail Box<\/a>, &#8220;Um dos maiores benef\u00edcios da Archademy \u00e9 a possibilidade de parcerias entre os escrit\u00f3rios&#8221;.<\/p>\n<p>Em termos de funcionalidades, a Archademy oferece:<\/p>\n<p><strong>\u2713 1 Esta\u00e7\u00e3o de Trabalho<\/strong><\/p>\n<p><strong>\u2713\u00a0Estrutura de Alto Padr\u00e3o<\/strong><\/p>\n<p><strong>\u2713\u00a0Salas para <\/strong><a href=\"https:\/\/www.archademy.com.br\/blog\/5-dicas-de-como-conduzir-uma-reuniao-com-clientes-para-obter-sucesso\/\" target=\"_blank\" rel=\"noopener noreferrer\"><strong>Reuni\u00e3o com Clientes<\/strong><\/a><strong> e Fornecedores<\/strong><\/p>\n<p><strong>\u2713\u00a0Biblioteca de amostras<\/strong><\/p>\n<p><strong>\u2713\u00a0Espa\u00e7o de descompress\u00e3o<\/strong><\/p>\n<p><strong>\u2713\u00a0Eventos sociais e profissionais<\/strong><\/p>\n<p><strong>\u2713\u00a0Workshops<\/strong><\/p>\n<p><strong>\u2713\u00a0Mentoria Comercial<\/strong><\/p>\n<p><strong>\u2713\u00a0Or\u00e7amentos<\/strong><\/p>\n<p><strong>\u2713\u00a0Treinamento para especificar mais e melhor<\/strong><\/p>\n<p><strong>\u2713 Condi\u00e7\u00f5es especiais para vendas de produtos<\/strong><\/p>\n<p>Como p\u00f4de ver, vale a pena explorar essa possibilidade e, quem sabe, <strong>fazer parte da \u00fanica aceleradora voltada para o mercado de Arquitetura e Design de Interiores<\/strong>. Frequentar um local de trabalho pensado para suas necessidades certamente far\u00e1 a diferen\u00e7a nos resultados das vendas, entregas e outros processos.<\/p>\n<p>Quer saber mais sobre a Archademy e conhecer os planos dispon\u00edveis? <a href=\"https:\/\/materiais.archathon.com.br\/archademy2019\" target=\"_blank\" rel=\"noopener noreferrer\">Entre em contato conosco<\/a> e saiba como podemos ajudar!<\/p>\n<div class=\"rock-convert-banner\"><a href=\"https:\/\/materiais.archathon.com.br\/ebook-como-fechar-um-projeto?utm_medium=rock-convert\" target=\"_blank\" class=\"\" data-cta-id=\"4926\" data-cta-title=\"Saiba tudo sobre como fechar um projeto de arquitetura\"><img width=\"660\" height=\"190\" src=\"https:\/\/www.archademy.com.br\/blog\/wp-content\/uploads\/2019\/08\/CTA2.png\" class=\"attachment-full size-full\" alt=\"como fechar um projeto\" loading=\"lazy\" title=\"Saiba tudo sobre como fechar um projeto de arquitetura\" srcset=\"https:\/\/www.archademy.com.br\/blog\/wp-content\/uploads\/2019\/08\/CTA2.png 660w, https:\/\/www.archademy.com.br\/blog\/wp-content\/uploads\/2019\/08\/CTA2-300x86.png 300w\" sizes=\"(max-width: 660px) 100vw, 660px\" \/><\/a><small class='powered-by-rock-convert'>Powered by <a href='https:\/\/stage.rockcontent.com\/br\/plugin-de-conversao\/?utm_medium=referral&utm_source=https%3A%2F%2Fwww.archademy.com.br%2Fblog&utm_campaign=Powered_By_Link'  target='_blank'>Rock Convert<\/a><\/small><\/div>\n","protected":false},"excerpt":{"rendered":"<p>J\u00e1 parou pra pensar que muitos fatores interferem na qualidade dos seus projetos? &#8220;A escolha do local de trabalho \u00e9 decisiva, pois, como comprova a neuroci\u00eancia aplicada \u00e0 arquitetura, o ambiente tem impacto direto no comportamento e, consequentemente, na performance.&#8221;, explica Priscilla Priscilla Bencke, Arquiteta e Consultora de Qualidade em Escrit\u00f3rios (Quality Office Consultant &#8211; &hellip; <\/p>\n<p class=\"link-more\"><a href=\"https:\/\/www.archademy.com.br\/blog\/local-de-trabalho-arquiteto\/\" class=\"more-link\">Leia mais <span class=\"screen-reader-text\"> &#8220;Como o local de trabalho influencia na sua carreira de arquiteto&#8221;<\/span><\/a><\/p>\n","protected":false},"author":2,"featured_media":4676,"comment_status":"open","ping_status":"open","sticky":false,"template":"","format":"standard","meta":[],"categories":[10,36],"tags":[],"yoast_head":"<!-- This site is optimized with the Yoast SEO plugin v19.8 - https:\/\/yoast.com\/wordpress\/plugins\/seo\/ -->\n<title>Como o local de trabalho influencia na sua carreira de arquiteto - Archademy<\/title>\n<meta name=\"robots\" content=\"index, follow, max-snippet:-1, max-image-preview:large, max-video-preview:-1\" \/>\n<link rel=\"canonical\" href=\"https:\/\/www.archademy.com.br\/blog\/local-de-trabalho-arquiteto\/\" \/>\n<meta property=\"og:locale\" content=\"pt_BR\" \/>\n<meta property=\"og:type\" content=\"article\" \/>\n<meta property=\"og:title\" content=\"Como o local de trabalho influencia na sua carreira de arquiteto - Archademy\" \/>\n<meta property=\"og:description\" content=\"J\u00e1 parou pra pensar que muitos fatores interferem na qualidade dos seus projetos? &#8220;A escolha do local de trabalho \u00e9 decisiva, pois, como comprova a neuroci\u00eancia aplicada \u00e0 arquitetura, o ambiente tem impacto direto no comportamento e, consequentemente, na performance.&#8221;, explica Priscilla Priscilla Bencke, Arquiteta e Consultora de Qualidade em Escrit\u00f3rios (Quality Office Consultant &#8211; &hellip; Leia mais &quot;Como o local de trabalho influencia na sua carreira de arquiteto&quot;\" \/>\n<meta property=\"og:url\" content=\"https:\/\/www.archademy.com.br\/blog\/local-de-trabalho-arquiteto\/\" \/>\n<meta property=\"og:site_name\" content=\"Archademy\" \/>\n<meta property=\"article:published_time\" content=\"2019-07-04T17:23:28+00:00\" \/>\n<meta property=\"article:modified_time\" content=\"2019-08-12T21:51:35+00:00\" \/>\n<meta property=\"og:image\" content=\"https:\/\/www.archademy.com.br\/blog\/wp-content\/uploads\/2019\/07\/como-escrtio\u0301rio-influencia.jpg\" \/>\n\t<meta property=\"og:image:width\" content=\"724\" \/>\n\t<meta property=\"og:image:height\" content=\"483\" \/>\n\t<meta property=\"og:image:type\" content=\"image\/jpeg\" \/>\n<meta name=\"author\" content=\"ArchaTeam\" \/>\n<meta name=\"twitter:card\" content=\"summary_large_image\" \/>\n<meta name=\"twitter:label1\" content=\"Escrito por\" \/>\n\t<meta name=\"twitter:data1\" content=\"ArchaTeam\" \/>\n\t<meta name=\"twitter:label2\" content=\"Est. tempo de leitura\" \/>\n\t<meta name=\"twitter:data2\" content=\"6 minutos\" \/>\n<script type=\"application\/ld+json\" class=\"yoast-schema-graph\">{\"@context\":\"https:\/\/schema.org\",\"@graph\":[{\"@type\":\"Article\",\"@id\":\"https:\/\/www.archademy.com.br\/blog\/local-de-trabalho-arquiteto\/#article\",\"isPartOf\":{\"@id\":\"https:\/\/www.archademy.com.br\/blog\/local-de-trabalho-arquiteto\/\"},\"author\":{\"name\":\"ArchaTeam\",\"@id\":\"https:\/\/www.archademy.com.br\/blog\/#\/schema\/person\/d131b6844bf56ba2aa334dee3461af65\"},\"headline\":\"Como o local de trabalho influencia na sua carreira de arquiteto\",\"datePublished\":\"2019-07-04T17:23:28+00:00\",\"dateModified\":\"2019-08-12T21:51:35+00:00\",\"mainEntityOfPage\":{\"@id\":\"https:\/\/www.archademy.com.br\/blog\/local-de-trabalho-arquiteto\/\"},\"wordCount\":1226,\"commentCount\":0,\"publisher\":{\"@id\":\"https:\/\/www.archademy.com.br\/blog\/#organization\"},\"articleSection\":[\"Carreira\",\"Destaques\"],\"inLanguage\":\"pt-BR\",\"potentialAction\":[{\"@type\":\"CommentAction\",\"name\":\"Comment\",\"target\":[\"https:\/\/www.archademy.com.br\/blog\/local-de-trabalho-arquiteto\/#respond\"]}]},{\"@type\":\"WebPage\",\"@id\":\"https:\/\/www.archademy.com.br\/blog\/local-de-trabalho-arquiteto\/\",\"url\":\"https:\/\/www.archademy.com.br\/blog\/local-de-trabalho-arquiteto\/\",\"name\":\"Como o local de trabalho influencia na sua carreira de arquiteto - Archademy\",\"isPartOf\":{\"@id\":\"https:\/\/www.archademy.com.br\/blog\/#website\"},\"datePublished\":\"2019-07-04T17:23:28+00:00\",\"dateModified\":\"2019-08-12T21:51:35+00:00\",\"breadcrumb\":{\"@id\":\"https:\/\/www.archademy.com.br\/blog\/local-de-trabalho-arquiteto\/#breadcrumb\"},\"inLanguage\":\"pt-BR\",\"potentialAction\":[{\"@type\":\"ReadAction\",\"target\":[\"https:\/\/www.archademy.com.br\/blog\/local-de-trabalho-arquiteto\/\"]}]},{\"@type\":\"BreadcrumbList\",\"@id\":\"https:\/\/www.archademy.com.br\/blog\/local-de-trabalho-arquiteto\/#breadcrumb\",\"itemListElement\":[{\"@type\":\"ListItem\",\"position\":1,\"name\":\"In\u00edcio\",\"item\":\"https:\/\/www.archademy.com.br\/blog\/\"},{\"@type\":\"ListItem\",\"position\":2,\"name\":\"Como o local de trabalho influencia na sua carreira de arquiteto\"}]},{\"@type\":\"WebSite\",\"@id\":\"https:\/\/www.archademy.com.br\/blog\/#website\",\"url\":\"https:\/\/www.archademy.com.br\/blog\/\",\"name\":\"Archademy\",\"description\":\"Inova\u00e7\u00e3o Em Arquitetura e Design de Interiores\",\"publisher\":{\"@id\":\"https:\/\/www.archademy.com.br\/blog\/#organization\"},\"potentialAction\":[{\"@type\":\"SearchAction\",\"target\":{\"@type\":\"EntryPoint\",\"urlTemplate\":\"https:\/\/www.archademy.com.br\/blog\/?s={search_term_string}\"},\"query-input\":\"required name=search_term_string\"}],\"inLanguage\":\"pt-BR\"},{\"@type\":\"Organization\",\"@id\":\"https:\/\/www.archademy.com.br\/blog\/#organization\",\"name\":\"Archademy\",\"url\":\"https:\/\/www.archademy.com.br\/blog\/\",\"sameAs\":[],\"logo\":{\"@type\":\"ImageObject\",\"inLanguage\":\"pt-BR\",\"@id\":\"https:\/\/www.archademy.com.br\/blog\/#\/schema\/logo\/image\/\",\"url\":\"https:\/\/www.archademy.com.br\/blog\/wp-content\/uploads\/2019\/06\/archademy-logo-b.png\",\"contentUrl\":\"https:\/\/www.archademy.com.br\/blog\/wp-content\/uploads\/2019\/06\/archademy-logo-b.png\",\"width\":322,\"height\":150,\"caption\":\"Archademy\"},\"image\":{\"@id\":\"https:\/\/www.archademy.com.br\/blog\/#\/schema\/logo\/image\/\"}},{\"@type\":\"Person\",\"@id\":\"https:\/\/www.archademy.com.br\/blog\/#\/schema\/person\/d131b6844bf56ba2aa334dee3461af65\",\"name\":\"ArchaTeam\",\"image\":{\"@type\":\"ImageObject\",\"inLanguage\":\"pt-BR\",\"@id\":\"https:\/\/www.archademy.com.br\/blog\/#\/schema\/person\/image\/\",\"url\":\"https:\/\/www.archademy.com.br\/wp-content\/uploads\/2019\/04\/archa_simbolo-96x96.jpg\",\"contentUrl\":\"https:\/\/www.archademy.com.br\/wp-content\/uploads\/2019\/04\/archa_simbolo-96x96.jpg\",\"caption\":\"ArchaTeam\"},\"description\":\"Equipe @archademy.br\",\"sameAs\":[\"https:\/\/www.instagram.com\/archademy.br\/\"],\"url\":\"https:\/\/www.archademy.com.br\/blog\/author\/archanews\/\"}]}<\/script>\n<!-- \/ Yoast SEO plugin. -->","yoast_head_json":{"title":"Como o local de trabalho influencia na sua carreira de arquiteto - Archademy","robots":{"index":"index","follow":"follow","max-snippet":"max-snippet:-1","max-image-preview":"max-image-preview:large","max-video-preview":"max-video-preview:-1"},"canonical":"https:\/\/www.archademy.com.br\/blog\/local-de-trabalho-arquiteto\/","og_locale":"pt_BR","og_type":"article","og_title":"Como o local de trabalho influencia na sua carreira de arquiteto - Archademy","og_description":"J\u00e1 parou pra pensar que muitos fatores interferem na qualidade dos seus projetos? &#8220;A escolha do local de trabalho \u00e9 decisiva, pois, como comprova a neuroci\u00eancia aplicada \u00e0 arquitetura, o ambiente tem impacto direto no comportamento e, consequentemente, na performance.&#8221;, explica Priscilla Priscilla Bencke, Arquiteta e Consultora de Qualidade em Escrit\u00f3rios (Quality Office Consultant &#8211; &hellip; Leia mais \"Como o local de trabalho influencia na sua carreira de arquiteto\"","og_url":"https:\/\/www.archademy.com.br\/blog\/local-de-trabalho-arquiteto\/","og_site_name":"Archademy","article_published_time":"2019-07-04T17:23:28+00:00","article_modified_time":"2019-08-12T21:51:35+00:00","og_image":[{"width":724,"height":483,"url":"https:\/\/www.archademy.com.br\/blog\/wp-content\/uploads\/2019\/07\/como-escrtio\u0301rio-influencia.jpg","type":"image\/jpeg"}],"author":"ArchaTeam","twitter_card":"summary_large_image","twitter_misc":{"Escrito por":"ArchaTeam","Est. tempo de leitura":"6 minutos"},"schema":{"@context":"https:\/\/schema.org","@graph":[{"@type":"Article","@id":"https:\/\/www.archademy.com.br\/blog\/local-de-trabalho-arquiteto\/#article","isPartOf":{"@id":"https:\/\/www.archademy.com.br\/blog\/local-de-trabalho-arquiteto\/"},"author":{"name":"ArchaTeam","@id":"https:\/\/www.archademy.com.br\/blog\/#\/schema\/person\/d131b6844bf56ba2aa334dee3461af65"},"headline":"Como o local de trabalho influencia na sua carreira de arquiteto","datePublished":"2019-07-04T17:23:28+00:00","dateModified":"2019-08-12T21:51:35+00:00","mainEntityOfPage":{"@id":"https:\/\/www.archademy.com.br\/blog\/local-de-trabalho-arquiteto\/"},"wordCount":1226,"commentCount":0,"publisher":{"@id":"https:\/\/www.archademy.com.br\/blog\/#organization"},"articleSection":["Carreira","Destaques"],"inLanguage":"pt-BR","potentialAction":[{"@type":"CommentAction","name":"Comment","target":["https:\/\/www.archademy.com.br\/blog\/local-de-trabalho-arquiteto\/#respond"]}]},{"@type":"WebPage","@id":"https:\/\/www.archademy.com.br\/blog\/local-de-trabalho-arquiteto\/","url":"https:\/\/www.archademy.com.br\/blog\/local-de-trabalho-arquiteto\/","name":"Como o local de trabalho influencia na sua carreira de arquiteto - Archademy","isPartOf":{"@id":"https:\/\/www.archademy.com.br\/blog\/#website"},"datePublished":"2019-07-04T17:23:28+00:00","dateModified":"2019-08-12T21:51:35+00:00","breadcrumb":{"@id":"https:\/\/www.archademy.com.br\/blog\/local-de-trabalho-arquiteto\/#breadcrumb"},"inLanguage":"pt-BR","potentialAction":[{"@type":"ReadAction","target":["https:\/\/www.archademy.com.br\/blog\/local-de-trabalho-arquiteto\/"]}]},{"@type":"BreadcrumbList","@id":"https:\/\/www.archademy.com.br\/blog\/local-de-trabalho-arquiteto\/#breadcrumb","itemListElement":[{"@type":"ListItem","position":1,"name":"In\u00edcio","item":"https:\/\/www.archademy.com.br\/blog\/"},{"@type":"ListItem","position":2,"name":"Como o local de trabalho influencia na sua carreira de arquiteto"}]},{"@type":"WebSite","@id":"https:\/\/www.archademy.com.br\/blog\/#website","url":"https:\/\/www.archademy.com.br\/blog\/","name":"Archademy","description":"Inova\u00e7\u00e3o Em Arquitetura e Design de Interiores","publisher":{"@id":"https:\/\/www.archademy.com.br\/blog\/#organization"},"potentialAction":[{"@type":"SearchAction","target":{"@type":"EntryPoint","urlTemplate":"https:\/\/www.archademy.com.br\/blog\/?s={search_term_string}"},"query-input":"required name=search_term_string"}],"inLanguage":"pt-BR"},{"@type":"Organization","@id":"https:\/\/www.archademy.com.br\/blog\/#organization","name":"Archademy","url":"https:\/\/www.archademy.com.br\/blog\/","sameAs":[],"logo":{"@type":"ImageObject","inLanguage":"pt-BR","@id":"https:\/\/www.archademy.com.br\/blog\/#\/schema\/logo\/image\/","url":"https:\/\/www.archademy.com.br\/blog\/wp-content\/uploads\/2019\/06\/archademy-logo-b.png","contentUrl":"https:\/\/www.archademy.com.br\/blog\/wp-content\/uploads\/2019\/06\/archademy-logo-b.png","width":322,"height":150,"caption":"Archademy"},"image":{"@id":"https:\/\/www.archademy.com.br\/blog\/#\/schema\/logo\/image\/"}},{"@type":"Person","@id":"https:\/\/www.archademy.com.br\/blog\/#\/schema\/person\/d131b6844bf56ba2aa334dee3461af65","name":"ArchaTeam","image":{"@type":"ImageObject","inLanguage":"pt-BR","@id":"https:\/\/www.archademy.com.br\/blog\/#\/schema\/person\/image\/","url":"https:\/\/www.archademy.com.br\/wp-content\/uploads\/2019\/04\/archa_simbolo-96x96.jpg","contentUrl":"https:\/\/www.archademy.com.br\/wp-content\/uploads\/2019\/04\/archa_simbolo-96x96.jpg","caption":"ArchaTeam"},"description":"Equipe @archademy.br","sameAs":["https:\/\/www.instagram.com\/archademy.br\/"],"url":"https:\/\/www.archademy.com.br\/blog\/author\/archanews\/"}]}},"taxonomies":[{"category_link":"https:\/\/www.archademy.com.br\/blog\/category\/carreira\/","category_name":"Carreira","category_id":10},{"category_link":"https:\/\/www.archademy.com.br\/blog\/category\/destaques\/","category_name":"Destaques","category_id":36}],"thumbnail_url":"https:\/\/www.archademy.com.br\/blog\/wp-content\/uploads\/2019\/07\/como-escrtio\u0301rio-influencia.jpg","_links":{"self":[{"href":"https:\/\/www.archademy.com.br\/blog\/wp-json\/wp\/v2\/posts\/4622"}],"collection":[{"href":"https:\/\/www.archademy.com.br\/blog\/wp-json\/wp\/v2\/posts"}],"about":[{"href":"https:\/\/www.archademy.com.br\/blog\/wp-json\/wp\/v2\/types\/post"}],"author":[{"embeddable":true,"href":"https:\/\/www.archademy.com.br\/blog\/wp-json\/wp\/v2\/users\/2"}],"replies":[{"embeddable":true,"href":"https:\/\/www.archademy.com.br\/blog\/wp-json\/wp\/v2\/comments?post=4622"}],"version-history":[{"count":2,"href":"https:\/\/www.archademy.com.br\/blog\/wp-json\/wp\/v2\/posts\/4622\/revisions"}],"predecessor-version":[{"id":5116,"href":"https:\/\/www.archademy.com.br\/blog\/wp-json\/wp\/v2\/posts\/4622\/revisions\/5116"}],"wp:featuredmedia":[{"embeddable":true,"href":"https:\/\/www.archademy.com.br\/blog\/wp-json\/wp\/v2\/media\/4676"}],"wp:attachment":[{"href":"https:\/\/www.archademy.com.br\/blog\/wp-json\/wp\/v2\/media?parent=4622"}],"wp:term":[{"taxonomy":"category","embeddable":true,"href":"https:\/\/www.archademy.com.br\/blog\/wp-json\/wp\/v2\/categories?post=4622"},{"taxonomy":"post_tag","embeddable":true,"href":"https:\/\/www.archademy.com.br\/blog\/wp-json\/wp\/v2\/tags?post=4622"}],"curies":[{"name":"wp","href":"https:\/\/api.w.org\/{rel}","templated":true}]}}