{"id":4710,"date":"2019-07-16T11:01:57","date_gmt":"2019-07-16T14:01:57","guid":{"rendered":"https:\/\/www.archademy.com.br\/blog\/crescimento-profissional-saiba-o-que-fazer-para-acelerar-sua-carreira\/"},"modified":"2019-08-12T18:51:20","modified_gmt":"2019-08-12T21:51:20","slug":"crescimento-profissional-saiba-o-que-fazer-para-acelerar-sua-carreira","status":"publish","type":"post","link":"https:\/\/www.archademy.com.br\/blog\/crescimento-profissional-saiba-o-que-fazer-para-acelerar-sua-carreira\/","title":{"rendered":"Crescimento profissional: saiba o que fazer para acelerar sua carreira"},"content":{"rendered":"<p>Ter um <a href=\"https:\/\/www.archademy.com.br\/blog\/formei-e-agora-veja-como-planejar-a-carreira-e-se-destacar-no-mercado\/\" target=\"_blank\" rel=\"noopener noreferrer\">bom reconhecimento no mercado<\/a> \u00e9 um desejo comum entre os trabalhadores, afinal, quem n\u00e3o gostaria de conquistar sucesso profissional ao fazer o que ama, n\u00e3o \u00e9 mesmo? Acontece que o caminho para chegar \u00e0 vit\u00f3ria \u00e9 desafiador \u2014 mas n\u00e3o \u00e9 imposs\u00edvel! Para que voc\u00ea consiga trilh\u00e1-lo com tranquilidade, precisa <strong>investir no seu crescimento profissional.<\/strong><\/p>\n<p>Conquistar as melhores oportunidades, fortalecer sua marca no mercado de <strong>Arquitetura e Design de Interiores<\/strong>, ter uma clientela fiel e sentir-se feliz com a fun\u00e7\u00e3o que desempenha. Parece muito?<\/p>\n<p>E \u00e9! Por isso, tenha em mente que o sucesso \u00e9 o resultado da sua produtividade, disciplina e mindset. A boa not\u00edcia \u00e9 que voc\u00ea pode se preparar para fazer tudo isso de maneira mais eficiente. Na verdade, existem v\u00e1rios passos a serem seguidos, e queremos compartilhar os melhores com voc\u00ea. Neste artigo, voc\u00ea pode conferir as <strong>principais dicas para desenvolver um excelente crescimento profissional<\/strong>. Boa leitura!<\/p>\n<h2>Organize o seu dia a dia<\/h2>\n<p>Bom, do que adianta tentar seguir uma carreira de sucesso se voc\u00ea n\u00e3o tem organiza\u00e7\u00e3o no seu trabalho? Esse \u00e9 um dos primeiros passos para <strong>colocar a sua profiss\u00e3o no eixo<\/strong> e identificar os pontos que voc\u00ea pode melhorar a sua produtividade, aten\u00e7\u00e3o e planejamento.<\/p>\n<p>Vamos pensar juntos: n\u00e3o \u00e9 nem um pouco proveitoso realizar diversas atividades ao mesmo tempo, concorda? Ainda que a caracter\u00edstica de multitarefas venha sendo destacada por alguns profissionais, ela tamb\u00e9m \u00e9 compreendida como um fator importante na manuten\u00e7\u00e3o do <strong>estresse ocupacional<\/strong> \u2014 que, vamos combinar, diminui a sua produtividade e qualidade de vida.<\/p>\n<p>Nesse sentido, quando voc\u00ea separa um momento na sua agenda (que tal fazer isso j\u00e1 na noite anterior?), para <strong>elencar suas prioridades<\/strong>, definir os eventos e reuni\u00f5es a serem feitas, assim como organizar os seus hor\u00e1rios por per\u00edodos, fica muito mais f\u00e1cil otimizar o seu tempo.<\/p>\n<p><a href=\"https:\/\/rockcontent.com\/blog\/gestao-de-tempo\/\" target=\"_blank\" rel=\"noopener noreferrer\">A gest\u00e3o do seu tempo<\/a> com certeza vai aumentar a sua produtividade. Elencamos algumas t\u00e9cnicas conhecidas no mercado:<\/p>\n<ul>\n<li><a href=\"https:\/\/comunidade.rockcontent.com\/tecnica-pomodoro\/\" target=\"_blank\" rel=\"noopener noreferrer\"><strong>m\u00e9todo Pomodoro<\/strong><\/a><strong>:\u00a0<\/strong>pausas alternadas, dividindo as horas em per\u00edodos de foco total e intervalos curtos para descanso;<\/li>\n<li><a href=\"https:\/\/rockcontent.com\/blog\/kanban\/\" target=\"_blank\" rel=\"noopener noreferrer\"><strong>m\u00e9todo Kanban<\/strong><\/a><strong>:<\/strong>\u00a0organiza\u00e7\u00e3o de demandas por status, como \u201ca iniciar\u201d, \u201cem andamento\u201d e \u201cconclu\u00eddo\u201d, distribuindo as tarefas em quadros com essas classifica\u00e7\u00f5es;<\/li>\n<li><a href=\"https:\/\/rockcontent.com\/blog\/gtd\/\" target=\"_blank\" rel=\"noopener noreferrer\"><strong>m\u00e9todo GTD<\/strong><\/a><strong>:<\/strong>\u00a0foco na execu\u00e7\u00e3o, desenvolvendo um fluxo que ajuda a organizar as demandas em etapas como \u201ccaputar\u201d, \u201cesclarecer\u201d, \u201corganizar\u201d, \u201crefletir\u201d e \u201cengajar\u201d.<\/li>\n<\/ul>\n<p>Priorize a organiza\u00e7\u00e3o como um diferencial competitivo: planejamento e efici\u00eancia \u00e9 o que muitos clientes buscam em <strong>profissionais qualificados<\/strong>.<\/p>\n<h2>Invista no autoconhecimento<\/h2>\n<p>Alinhado \u00e0 organiza\u00e7\u00e3o, outra excelente atitude para ter um bom crescimento profissional \u00e9 o <strong>autoconhecimento<\/strong>. Isso porque n\u00e3o tem como realizar um bom planejamento se voc\u00ea n\u00e3o sabe como a sua mente e o seu corpo funcionam no cotidiano \u2014 seja o ocupacional ou o de lazer.<\/p>\n<p>Dessa maneira, investir no autoconhecimento faz com que outra perspectiva da sua realidade venha \u00e0 tona, permitindo a <strong>identifica\u00e7\u00e3o de novas oportunidades<\/strong> na sua carreira, bem como fortalecendo a sua confian\u00e7a para conquistar um cliente dif\u00edcil, por exemplo. Tenha em mente que quanto mais voc\u00ea conhecer a sua personalidade, mais chances voc\u00ea ter\u00e1 de alcan\u00e7ar o sucesso profissional.<\/p>\n<p>A nossa dica de ouro \u00e9, ent\u00e3o, dedicar um momento da sua semana para olhar para o seu dia a dia, identificar o que voc\u00ea faz no seu tempo livre, como lida com os colegas de trabalho, suas <strong>ambi\u00e7\u00f5es profissionais<\/strong> e seus medos e limita\u00e7\u00f5es. Isso abre uma grande porta para voc\u00ea explorar sua verdadeira personalidade.<\/p>\n<p>Vale lembrar que caso sinta necessidade, \u00e9 sempre poss\u00edvel contar com ajuda profissional \u2014 como de psic\u00f3logos \u2014 para <strong>mediar a sua jornada de autoconhecimento<\/strong>, te auxiliando a enfrentar com mais facilidade os desafios do mercado de trabalho.<\/p>\n<h2>Aprimore seu networking<\/h2>\n<p>Com certeza voc\u00ea j\u00e1 ouviu falar que o networking \u00e9 um dos pilares de uma carreira de sucesso, n\u00e3o \u00e9 mesmo? Ter bons contatos e criar uma comunica\u00e7\u00e3o eficiente com pessoas influentes do mercado Arch&amp;Design \u00e9 uma das melhores formas de <strong>montar uma boa rela\u00e7\u00e3o com profissionais qualificados<\/strong>, al\u00e9m de ampliar sua clientela.<\/p>\n<p>Mas, afinal, como fazer um bom networking? Bom, existem muitas maneiras para voc\u00ea aprimorar sua rede de contatos, mas queremos destacar uma dica muito importante: <strong>aprender a se relacionar de forma positiva com os seus colegas de trabalho.<\/strong><\/p>\n<p>O seu pr\u00f3prio campo de atua\u00e7\u00e3o j\u00e1 \u00e9 uma excelente fonte de bons nomes no mercado, sendo que cada profissional que ocupa uma vaga de destaque pode ter conhecidos em outros lugares para <strong>ampliar cada vez mais a sua rede<\/strong>. Nesse sentido, ser cordial e respeitoso com os outros e demonstrar um bom trabalho j\u00e1 \u00e9 um excelente primeiro passo para fortalecer o networking.<\/p>\n<p>No entanto, n\u00e3o fique preso somente ao ambiente corporativo. N\u00e3o tenha medo de participar de <a href=\"https:\/\/www.instagram.com\/archathonbrasil\/\" target=\"_blank\" rel=\"noopener noreferrer\"><strong>palestras<\/strong><\/a><strong>, <\/strong><a href=\"https:\/\/www.archademy.com.br\/blog\/por-que-investir-em-workshops-de-arquitetura-ao-se-formar-entenda\/\" target=\"_blank\" rel=\"noopener noreferrer\"><strong>workshops<\/strong><\/a><strong> e cursos<\/strong> para conhecer novas pessoas e, de quebra, aprofundar seus conhecimentos t\u00e9cnicos e cient\u00edficos sobre determinado assunto.<\/p>\n<h2>Fa\u00e7a cursos na sua \u00e1rea de atua\u00e7\u00e3o<\/h2>\n<p>Aproveitando o gancho da dica anterior, outro ponto muito importante no seu crescimento profissional \u00e9 a <strong>realiza\u00e7\u00e3o de cursos na sua \u00e1rea<\/strong>. Isso porque, a partir de uma <a href=\"https:\/\/www.archademy.com.br\/blog\/especialidades-de-arquitetura-e-design-de-interiores-qual-escolher\/\" target=\"_blank\" rel=\"noopener noreferrer\">especializa\u00e7\u00e3o<\/a>, voc\u00ea consegue ampliar suas formas de atua\u00e7\u00e3o e desenvolver estrat\u00e9gias inovadoras no campo.<\/p>\n<p>Com isso, voc\u00ea ganha um destaque no mercado e, por consequ\u00eancia, encanta futuros clientes com suas <strong>inova\u00e7\u00f5es arquitet\u00f4nicas<\/strong>. E mais, ao estudar, voc\u00ea consegue manter-se atualizado e conhecer trabalhos de outros profissionais que podem agregar no seu dia a dia ocupacional, auxiliando o seu crescimento.<\/p>\n<p>Voc\u00ea deve estar se perguntando: mas preciso sempre fazer uma especializa\u00e7\u00e3o quando quiser conhecer algo novo? Na verdade, n\u00e3o. \u00c9 poss\u00edvel pesquisar pequenos cursos, workshops e palestras, bem como assinar revistas acad\u00eamicas e <strong>manter-se ativo nos portais cient\u00edficos<\/strong> para conferir as pesquisas mais recentes na \u00e1rea.<\/p>\n<p>Isso j\u00e1 \u00e9 uma excelente fonte de informa\u00e7\u00e3o e fornece subs\u00eddio suficiente para voc\u00ea ampliar suas estrat\u00e9gias de atua\u00e7\u00e3o. No entanto, n\u00e3o podemos negar que a especializa\u00e7\u00e3o ainda \u00e9 um dos cursos mais completos. Portanto, a nossa dica \u00e9: <strong>se voc\u00ea pretende investir boa parte da sua carreira em um campo espec\u00edfico, fa\u00e7a a especializa\u00e7\u00e3o.<\/strong> Caso n\u00e3o, cursos extras s\u00e3o suficientes para suprir a demanda de conhecimento.<\/p>\n<h2>Explore o marketing digital<\/h2>\n<p>Voc\u00ea lembra que comentamos do networking? Pois \u00e9, o marketing digital \u00e9 uma excelente ferramenta para fortalecer sua rede de contatos. Afinal, por meio da presen\u00e7a nas redes sociais e divulga\u00e7\u00e3o da sua imagem de forma coerente e profissional, \u00e9 poss\u00edvel <strong>atrair mais clientes ou validar a sua autoridade no mercado.<\/strong><\/p>\n<p>Nesse sentido, voc\u00ea precisa tomar somente uma atitude: mostrar o seu trabalho para quem realmente est\u00e1 interessado. Por falar nisso, voc\u00ea sabe quem \u00e9 a sua persona? Persona \u00e9 a representa\u00e7\u00e3o fict\u00edcia do cliente ideal de um neg\u00f3cio. Se voc\u00ea ainda n\u00e3o fez esse estudo, o <a href=\"https:\/\/geradordepersonas.com.br\/\" target=\"_blank\" rel=\"noopener noreferrer\">Gerador de Personas<\/a> vai te ajudar. Al\u00e9m disso, tenha sempre seu <a href=\"https:\/\/www.archademy.com.br\/blog\/8-dicas-essenciais-para-montar-portfolio-como-recem-formado\/\" target=\"_blank\" rel=\"noopener noreferrer\">portf\u00f3lio<\/a> atualizado, pois ele \u00e9 uma principais ferramentas de exposi\u00e7\u00e3o do seu trabalho.<\/p>\n<p>O marketing digital tamb\u00e9m \u00e9 um meio para conhecer outras t\u00e9cnicas de trabalho e refer\u00eancias do mercado.<\/p>\n<h2>Diversifique suas experi\u00eancias<\/h2>\n<p>Para concluir, n\u00e3o pod\u00edamos deixar de lado a diversifica\u00e7\u00e3o das experi\u00eancias. No in\u00edcio da sua carreira, <strong>mais vale crescer horizontalmente do que verticalmente.<\/strong> Vamos pensar em um exemplo para facilitar? Digamos que voc\u00ea est\u00e1 desenvolvendo um projeto e precisa realizar a parte el\u00e9trica, luminot\u00e9cnica, arquitet\u00f4nica e paisag\u00edstica.<\/p>\n<p>Essas s\u00e3o <strong>quatro frentes muito amplas da Arquitetura e Design de Interiores<\/strong>, sendo que cada uma delas exige um grande n\u00edvel de dedica\u00e7\u00e3o, n\u00e3o \u00e9 mesmo? Para completar, voc\u00ea ainda tem que lidar com rela\u00e7\u00f5es interpessoais, como o <a href=\"https:\/\/www.archademy.com.br\/blog\/5-dicas-de-como-conduzir-uma-reuniao-com-clientes-para-obter-sucesso\/\" target=\"_blank\" rel=\"noopener noreferrer\">atendimento ao cliente<\/a>. Bom, quando voc\u00ea domina cada um desses projetos, o seu trabalho fica muito mais simples.<\/p>\n<p>No in\u00edcio da carreira, voc\u00ea pode aprender com outros profissionais especializados e construir <a href=\"https:\/\/www.archademy.com.br\/blog\/afinal-como-fazer-parcerias-de-sucesso-com-outras-empresas\/\" target=\"_blank\" rel=\"noopener noreferrer\">parcerias<\/a>. Em outras palavras, a partir do momento que voc\u00ea vai atr\u00e1s de outras experi\u00eancias, \u00e9 poss\u00edvel <strong>otimizar o seu tempo de produ\u00e7\u00e3o<\/strong> e entregar um trabalho de maior qualidade para o cliente. Assim, o crescimento horizontal se faz presente.<\/p>\n<p>Quando o cliente percebe que voc\u00ea oferece bons resultados e tem compet\u00eancia t\u00e9cnica para <strong>lidar com grandes desafios <\/strong>ele divulga o seu trabalho para conhecidos, o que, eventualmente, pode te trazer novos projetos. Aos poucos, o crescimento vertical aparece e conquista espa\u00e7o, tendo em vista que voc\u00ea j\u00e1 sabe gerenciar v\u00e1rias \u00e1reas da arquitetura.<\/p>\n<p>Voc\u00ea percebe como desenvolver o <strong>crescimento profissional<\/strong> pode ser mais f\u00e1cil do que voc\u00ea imagina? Ao organizar o seu cotidiano, investir no autoconhecimento, fortalecer o networking e o marketing digital, bem como explorar novas \u00e1reas de atua\u00e7\u00e3o, fica muito mais f\u00e1cil conquistar novos clientes e consolidar a sua marca no mercado.<\/p>\n<p>E ent\u00e3o, o que achou das nossas dicas? Se voc\u00ea conhece amigos que gostariam de ter um bom crescimento profissional, compartilhe este artigo nas suas redes sociais para ajud\u00e1-los!<\/p>\n<div class=\"rock-convert-banner\"><a href=\"https:\/\/materiais.archathon.com.br\/ebook-como-fechar-um-projeto?utm_medium=rock-convert\" target=\"_blank\" class=\"\" data-cta-id=\"4926\" data-cta-title=\"Saiba tudo sobre como fechar um projeto de arquitetura\"><img width=\"660\" height=\"190\" src=\"https:\/\/www.archademy.com.br\/blog\/wp-content\/uploads\/2019\/08\/CTA2.png\" class=\"attachment-full size-full\" alt=\"como fechar um projeto\" loading=\"lazy\" title=\"Saiba tudo sobre como fechar um projeto de arquitetura\" srcset=\"https:\/\/www.archademy.com.br\/blog\/wp-content\/uploads\/2019\/08\/CTA2.png 660w, https:\/\/www.archademy.com.br\/blog\/wp-content\/uploads\/2019\/08\/CTA2-300x86.png 300w\" sizes=\"(max-width: 660px) 100vw, 660px\" \/><\/a><small class='powered-by-rock-convert'>Powered by <a href='https:\/\/stage.rockcontent.com\/br\/plugin-de-conversao\/?utm_medium=referral&utm_source=https%3A%2F%2Fwww.archademy.com.br%2Fblog&utm_campaign=Powered_By_Link'  target='_blank'>Rock Convert<\/a><\/small><\/div>\n","protected":false},"excerpt":{"rendered":"<p>Ter um bom reconhecimento no mercado \u00e9 um desejo comum entre os trabalhadores, afinal, quem n\u00e3o gostaria de conquistar sucesso profissional ao fazer o que ama, n\u00e3o \u00e9 mesmo? Acontece que o caminho para chegar \u00e0 vit\u00f3ria \u00e9 desafiador \u2014 mas n\u00e3o \u00e9 imposs\u00edvel! Para que voc\u00ea consiga trilh\u00e1-lo com tranquilidade, precisa investir no seu &hellip; <\/p>\n<p class=\"link-more\"><a href=\"https:\/\/www.archademy.com.br\/blog\/crescimento-profissional-saiba-o-que-fazer-para-acelerar-sua-carreira\/\" class=\"more-link\">Leia mais <span class=\"screen-reader-text\"> &#8220;Crescimento profissional: saiba o que fazer para acelerar sua carreira&#8221;<\/span><\/a><\/p>\n","protected":false},"author":2,"featured_media":4711,"comment_status":"open","ping_status":"open","sticky":false,"template":"","format":"standard","meta":[],"categories":[10],"tags":[],"yoast_head":"<!-- This site is optimized with the Yoast SEO plugin v19.8 - https:\/\/yoast.com\/wordpress\/plugins\/seo\/ -->\n<title>Crescimento profissional: saiba o que fazer para acelerar sua carreira - Archademy<\/title>\n<meta name=\"robots\" content=\"index, follow, max-snippet:-1, max-image-preview:large, max-video-preview:-1\" \/>\n<link rel=\"canonical\" href=\"https:\/\/www.archademy.com.br\/blog\/crescimento-profissional-saiba-o-que-fazer-para-acelerar-sua-carreira\/\" \/>\n<meta property=\"og:locale\" content=\"pt_BR\" \/>\n<meta property=\"og:type\" content=\"article\" \/>\n<meta property=\"og:title\" content=\"Crescimento profissional: saiba o que fazer para acelerar sua carreira - Archademy\" \/>\n<meta property=\"og:description\" content=\"Ter um bom reconhecimento no mercado \u00e9 um desejo comum entre os trabalhadores, afinal, quem n\u00e3o gostaria de conquistar sucesso profissional ao fazer o que ama, n\u00e3o \u00e9 mesmo? Acontece que o caminho para chegar \u00e0 vit\u00f3ria \u00e9 desafiador \u2014 mas n\u00e3o \u00e9 imposs\u00edvel! Para que voc\u00ea consiga trilh\u00e1-lo com tranquilidade, precisa investir no seu &hellip; Leia mais &quot;Crescimento profissional: saiba o que fazer para acelerar sua carreira&quot;\" \/>\n<meta property=\"og:url\" content=\"https:\/\/www.archademy.com.br\/blog\/crescimento-profissional-saiba-o-que-fazer-para-acelerar-sua-carreira\/\" \/>\n<meta property=\"og:site_name\" content=\"Archademy\" \/>\n<meta property=\"article:published_time\" content=\"2019-07-16T14:01:57+00:00\" \/>\n<meta property=\"article:modified_time\" content=\"2019-08-12T21:51:20+00:00\" \/>\n<meta property=\"og:image\" content=\"https:\/\/www.archademy.com.br\/blog\/wp-content\/uploads\/2019\/07\/original-8c29e5cd5a78e3de321616f4d9d08b85.jpeg\" \/>\n\t<meta property=\"og:image:width\" content=\"1503\" \/>\n\t<meta property=\"og:image:height\" content=\"1300\" \/>\n\t<meta property=\"og:image:type\" content=\"image\/jpeg\" \/>\n<meta name=\"author\" content=\"ArchaTeam\" \/>\n<meta name=\"twitter:card\" content=\"summary_large_image\" \/>\n<meta name=\"twitter:label1\" content=\"Escrito por\" \/>\n\t<meta name=\"twitter:data1\" content=\"ArchaTeam\" \/>\n\t<meta name=\"twitter:label2\" content=\"Est. tempo de leitura\" \/>\n\t<meta name=\"twitter:data2\" content=\"8 minutos\" \/>\n<script type=\"application\/ld+json\" class=\"yoast-schema-graph\">{\"@context\":\"https:\/\/schema.org\",\"@graph\":[{\"@type\":\"Article\",\"@id\":\"https:\/\/www.archademy.com.br\/blog\/crescimento-profissional-saiba-o-que-fazer-para-acelerar-sua-carreira\/#article\",\"isPartOf\":{\"@id\":\"https:\/\/www.archademy.com.br\/blog\/crescimento-profissional-saiba-o-que-fazer-para-acelerar-sua-carreira\/\"},\"author\":{\"name\":\"ArchaTeam\",\"@id\":\"https:\/\/www.archademy.com.br\/blog\/#\/schema\/person\/d131b6844bf56ba2aa334dee3461af65\"},\"headline\":\"Crescimento profissional: saiba o que fazer para acelerar sua carreira\",\"datePublished\":\"2019-07-16T14:01:57+00:00\",\"dateModified\":\"2019-08-12T21:51:20+00:00\",\"mainEntityOfPage\":{\"@id\":\"https:\/\/www.archademy.com.br\/blog\/crescimento-profissional-saiba-o-que-fazer-para-acelerar-sua-carreira\/\"},\"wordCount\":1534,\"commentCount\":0,\"publisher\":{\"@id\":\"https:\/\/www.archademy.com.br\/blog\/#organization\"},\"articleSection\":[\"Carreira\"],\"inLanguage\":\"pt-BR\",\"potentialAction\":[{\"@type\":\"CommentAction\",\"name\":\"Comment\",\"target\":[\"https:\/\/www.archademy.com.br\/blog\/crescimento-profissional-saiba-o-que-fazer-para-acelerar-sua-carreira\/#respond\"]}]},{\"@type\":\"WebPage\",\"@id\":\"https:\/\/www.archademy.com.br\/blog\/crescimento-profissional-saiba-o-que-fazer-para-acelerar-sua-carreira\/\",\"url\":\"https:\/\/www.archademy.com.br\/blog\/crescimento-profissional-saiba-o-que-fazer-para-acelerar-sua-carreira\/\",\"name\":\"Crescimento profissional: saiba o que fazer para acelerar sua carreira - Archademy\",\"isPartOf\":{\"@id\":\"https:\/\/www.archademy.com.br\/blog\/#website\"},\"datePublished\":\"2019-07-16T14:01:57+00:00\",\"dateModified\":\"2019-08-12T21:51:20+00:00\",\"breadcrumb\":{\"@id\":\"https:\/\/www.archademy.com.br\/blog\/crescimento-profissional-saiba-o-que-fazer-para-acelerar-sua-carreira\/#breadcrumb\"},\"inLanguage\":\"pt-BR\",\"potentialAction\":[{\"@type\":\"ReadAction\",\"target\":[\"https:\/\/www.archademy.com.br\/blog\/crescimento-profissional-saiba-o-que-fazer-para-acelerar-sua-carreira\/\"]}]},{\"@type\":\"BreadcrumbList\",\"@id\":\"https:\/\/www.archademy.com.br\/blog\/crescimento-profissional-saiba-o-que-fazer-para-acelerar-sua-carreira\/#breadcrumb\",\"itemListElement\":[{\"@type\":\"ListItem\",\"position\":1,\"name\":\"In\u00edcio\",\"item\":\"https:\/\/www.archademy.com.br\/blog\/\"},{\"@type\":\"ListItem\",\"position\":2,\"name\":\"Crescimento profissional: saiba o que fazer para acelerar sua carreira\"}]},{\"@type\":\"WebSite\",\"@id\":\"https:\/\/www.archademy.com.br\/blog\/#website\",\"url\":\"https:\/\/www.archademy.com.br\/blog\/\",\"name\":\"Archademy\",\"description\":\"Inova\u00e7\u00e3o Em Arquitetura e Design de Interiores\",\"publisher\":{\"@id\":\"https:\/\/www.archademy.com.br\/blog\/#organization\"},\"potentialAction\":[{\"@type\":\"SearchAction\",\"target\":{\"@type\":\"EntryPoint\",\"urlTemplate\":\"https:\/\/www.archademy.com.br\/blog\/?s={search_term_string}\"},\"query-input\":\"required name=search_term_string\"}],\"inLanguage\":\"pt-BR\"},{\"@type\":\"Organization\",\"@id\":\"https:\/\/www.archademy.com.br\/blog\/#organization\",\"name\":\"Archademy\",\"url\":\"https:\/\/www.archademy.com.br\/blog\/\",\"sameAs\":[],\"logo\":{\"@type\":\"ImageObject\",\"inLanguage\":\"pt-BR\",\"@id\":\"https:\/\/www.archademy.com.br\/blog\/#\/schema\/logo\/image\/\",\"url\":\"https:\/\/www.archademy.com.br\/blog\/wp-content\/uploads\/2019\/06\/archademy-logo-b.png\",\"contentUrl\":\"https:\/\/www.archademy.com.br\/blog\/wp-content\/uploads\/2019\/06\/archademy-logo-b.png\",\"width\":322,\"height\":150,\"caption\":\"Archademy\"},\"image\":{\"@id\":\"https:\/\/www.archademy.com.br\/blog\/#\/schema\/logo\/image\/\"}},{\"@type\":\"Person\",\"@id\":\"https:\/\/www.archademy.com.br\/blog\/#\/schema\/person\/d131b6844bf56ba2aa334dee3461af65\",\"name\":\"ArchaTeam\",\"image\":{\"@type\":\"ImageObject\",\"inLanguage\":\"pt-BR\",\"@id\":\"https:\/\/www.archademy.com.br\/blog\/#\/schema\/person\/image\/\",\"url\":\"https:\/\/www.archademy.com.br\/wp-content\/uploads\/2019\/04\/archa_simbolo-96x96.jpg\",\"contentUrl\":\"https:\/\/www.archademy.com.br\/wp-content\/uploads\/2019\/04\/archa_simbolo-96x96.jpg\",\"caption\":\"ArchaTeam\"},\"description\":\"Equipe @archademy.br\",\"sameAs\":[\"https:\/\/www.instagram.com\/archademy.br\/\"],\"url\":\"https:\/\/www.archademy.com.br\/blog\/author\/archanews\/\"}]}<\/script>\n<!-- \/ Yoast SEO plugin. -->","yoast_head_json":{"title":"Crescimento profissional: saiba o que fazer para acelerar sua carreira - Archademy","robots":{"index":"index","follow":"follow","max-snippet":"max-snippet:-1","max-image-preview":"max-image-preview:large","max-video-preview":"max-video-preview:-1"},"canonical":"https:\/\/www.archademy.com.br\/blog\/crescimento-profissional-saiba-o-que-fazer-para-acelerar-sua-carreira\/","og_locale":"pt_BR","og_type":"article","og_title":"Crescimento profissional: saiba o que fazer para acelerar sua carreira - Archademy","og_description":"Ter um bom reconhecimento no mercado \u00e9 um desejo comum entre os trabalhadores, afinal, quem n\u00e3o gostaria de conquistar sucesso profissional ao fazer o que ama, n\u00e3o \u00e9 mesmo? Acontece que o caminho para chegar \u00e0 vit\u00f3ria \u00e9 desafiador \u2014 mas n\u00e3o \u00e9 imposs\u00edvel! Para que voc\u00ea consiga trilh\u00e1-lo com tranquilidade, precisa investir no seu &hellip; Leia mais \"Crescimento profissional: saiba o que fazer para acelerar sua carreira\"","og_url":"https:\/\/www.archademy.com.br\/blog\/crescimento-profissional-saiba-o-que-fazer-para-acelerar-sua-carreira\/","og_site_name":"Archademy","article_published_time":"2019-07-16T14:01:57+00:00","article_modified_time":"2019-08-12T21:51:20+00:00","og_image":[{"width":1503,"height":1300,"url":"https:\/\/www.archademy.com.br\/blog\/wp-content\/uploads\/2019\/07\/original-8c29e5cd5a78e3de321616f4d9d08b85.jpeg","type":"image\/jpeg"}],"author":"ArchaTeam","twitter_card":"summary_large_image","twitter_misc":{"Escrito por":"ArchaTeam","Est. tempo de leitura":"8 minutos"},"schema":{"@context":"https:\/\/schema.org","@graph":[{"@type":"Article","@id":"https:\/\/www.archademy.com.br\/blog\/crescimento-profissional-saiba-o-que-fazer-para-acelerar-sua-carreira\/#article","isPartOf":{"@id":"https:\/\/www.archademy.com.br\/blog\/crescimento-profissional-saiba-o-que-fazer-para-acelerar-sua-carreira\/"},"author":{"name":"ArchaTeam","@id":"https:\/\/www.archademy.com.br\/blog\/#\/schema\/person\/d131b6844bf56ba2aa334dee3461af65"},"headline":"Crescimento profissional: saiba o que fazer para acelerar sua carreira","datePublished":"2019-07-16T14:01:57+00:00","dateModified":"2019-08-12T21:51:20+00:00","mainEntityOfPage":{"@id":"https:\/\/www.archademy.com.br\/blog\/crescimento-profissional-saiba-o-que-fazer-para-acelerar-sua-carreira\/"},"wordCount":1534,"commentCount":0,"publisher":{"@id":"https:\/\/www.archademy.com.br\/blog\/#organization"},"articleSection":["Carreira"],"inLanguage":"pt-BR","potentialAction":[{"@type":"CommentAction","name":"Comment","target":["https:\/\/www.archademy.com.br\/blog\/crescimento-profissional-saiba-o-que-fazer-para-acelerar-sua-carreira\/#respond"]}]},{"@type":"WebPage","@id":"https:\/\/www.archademy.com.br\/blog\/crescimento-profissional-saiba-o-que-fazer-para-acelerar-sua-carreira\/","url":"https:\/\/www.archademy.com.br\/blog\/crescimento-profissional-saiba-o-que-fazer-para-acelerar-sua-carreira\/","name":"Crescimento profissional: saiba o que fazer para acelerar sua carreira - Archademy","isPartOf":{"@id":"https:\/\/www.archademy.com.br\/blog\/#website"},"datePublished":"2019-07-16T14:01:57+00:00","dateModified":"2019-08-12T21:51:20+00:00","breadcrumb":{"@id":"https:\/\/www.archademy.com.br\/blog\/crescimento-profissional-saiba-o-que-fazer-para-acelerar-sua-carreira\/#breadcrumb"},"inLanguage":"pt-BR","potentialAction":[{"@type":"ReadAction","target":["https:\/\/www.archademy.com.br\/blog\/crescimento-profissional-saiba-o-que-fazer-para-acelerar-sua-carreira\/"]}]},{"@type":"BreadcrumbList","@id":"https:\/\/www.archademy.com.br\/blog\/crescimento-profissional-saiba-o-que-fazer-para-acelerar-sua-carreira\/#breadcrumb","itemListElement":[{"@type":"ListItem","position":1,"name":"In\u00edcio","item":"https:\/\/www.archademy.com.br\/blog\/"},{"@type":"ListItem","position":2,"name":"Crescimento profissional: saiba o que fazer para acelerar sua carreira"}]},{"@type":"WebSite","@id":"https:\/\/www.archademy.com.br\/blog\/#website","url":"https:\/\/www.archademy.com.br\/blog\/","name":"Archademy","description":"Inova\u00e7\u00e3o Em Arquitetura e Design de Interiores","publisher":{"@id":"https:\/\/www.archademy.com.br\/blog\/#organization"},"potentialAction":[{"@type":"SearchAction","target":{"@type":"EntryPoint","urlTemplate":"https:\/\/www.archademy.com.br\/blog\/?s={search_term_string}"},"query-input":"required name=search_term_string"}],"inLanguage":"pt-BR"},{"@type":"Organization","@id":"https:\/\/www.archademy.com.br\/blog\/#organization","name":"Archademy","url":"https:\/\/www.archademy.com.br\/blog\/","sameAs":[],"logo":{"@type":"ImageObject","inLanguage":"pt-BR","@id":"https:\/\/www.archademy.com.br\/blog\/#\/schema\/logo\/image\/","url":"https:\/\/www.archademy.com.br\/blog\/wp-content\/uploads\/2019\/06\/archademy-logo-b.png","contentUrl":"https:\/\/www.archademy.com.br\/blog\/wp-content\/uploads\/2019\/06\/archademy-logo-b.png","width":322,"height":150,"caption":"Archademy"},"image":{"@id":"https:\/\/www.archademy.com.br\/blog\/#\/schema\/logo\/image\/"}},{"@type":"Person","@id":"https:\/\/www.archademy.com.br\/blog\/#\/schema\/person\/d131b6844bf56ba2aa334dee3461af65","name":"ArchaTeam","image":{"@type":"ImageObject","inLanguage":"pt-BR","@id":"https:\/\/www.archademy.com.br\/blog\/#\/schema\/person\/image\/","url":"https:\/\/www.archademy.com.br\/wp-content\/uploads\/2019\/04\/archa_simbolo-96x96.jpg","contentUrl":"https:\/\/www.archademy.com.br\/wp-content\/uploads\/2019\/04\/archa_simbolo-96x96.jpg","caption":"ArchaTeam"},"description":"Equipe @archademy.br","sameAs":["https:\/\/www.instagram.com\/archademy.br\/"],"url":"https:\/\/www.archademy.com.br\/blog\/author\/archanews\/"}]}},"taxonomies":[{"category_link":"https:\/\/www.archademy.com.br\/blog\/category\/carreira\/","category_name":"Carreira","category_id":10}],"thumbnail_url":"https:\/\/www.archademy.com.br\/blog\/wp-content\/uploads\/2019\/07\/original-8c29e5cd5a78e3de321616f4d9d08b85-1024x886.jpeg","_links":{"self":[{"href":"https:\/\/www.archademy.com.br\/blog\/wp-json\/wp\/v2\/posts\/4710"}],"collection":[{"href":"https:\/\/www.archademy.com.br\/blog\/wp-json\/wp\/v2\/posts"}],"about":[{"href":"https:\/\/www.archademy.com.br\/blog\/wp-json\/wp\/v2\/types\/post"}],"author":[{"embeddable":true,"href":"https:\/\/www.archademy.com.br\/blog\/wp-json\/wp\/v2\/users\/2"}],"replies":[{"embeddable":true,"href":"https:\/\/www.archademy.com.br\/blog\/wp-json\/wp\/v2\/comments?post=4710"}],"version-history":[{"count":1,"href":"https:\/\/www.archademy.com.br\/blog\/wp-json\/wp\/v2\/posts\/4710\/revisions"}],"predecessor-version":[{"id":5115,"href":"https:\/\/www.archademy.com.br\/blog\/wp-json\/wp\/v2\/posts\/4710\/revisions\/5115"}],"wp:featuredmedia":[{"embeddable":true,"href":"https:\/\/www.archademy.com.br\/blog\/wp-json\/wp\/v2\/media\/4711"}],"wp:attachment":[{"href":"https:\/\/www.archademy.com.br\/blog\/wp-json\/wp\/v2\/media?parent=4710"}],"wp:term":[{"taxonomy":"category","embeddable":true,"href":"https:\/\/www.archademy.com.br\/blog\/wp-json\/wp\/v2\/categories?post=4710"},{"taxonomy":"post_tag","embeddable":true,"href":"https:\/\/www.archademy.com.br\/blog\/wp-json\/wp\/v2\/tags?post=4710"}],"curies":[{"name":"wp","href":"https:\/\/api.w.org\/{rel}","templated":true}]}}