{"id":4825,"date":"2019-07-25T18:21:46","date_gmt":"2019-07-25T21:21:46","guid":{"rendered":"https:\/\/www.archademy.com.br\/blog\/arquitetura-conheca-o-mercado\/"},"modified":"2019-08-12T18:51:41","modified_gmt":"2019-08-12T21:51:41","slug":"arquitetura-conheca-o-mercado","status":"publish","type":"post","link":"https:\/\/www.archademy.com.br\/blog\/arquitetura-conheca-o-mercado\/","title":{"rendered":"Arquitetura: conhe\u00e7a o mercado"},"content":{"rendered":"<p>A arquitetura \u00e9 uma \u00e1rea de atua\u00e7\u00e3o profissional muito ampla e por isso cresce, ano ap\u00f3s ano, o n\u00famero de novos profissionais que ingressam nesse mercado. Toda a versatilidade do setor contribui para o aumento da competitividade, e com isso apenas os bons arquitetos conseguem se destacar.<\/p>\n<p>Neste post, voc\u00ea vai entender quais s\u00e3o as principais caracter\u00edsticas, \u00e1reas de atua\u00e7\u00e3o e m\u00e9dia salarial praticada pelo setor. Tamb\u00e9m vamos trazer dicas a respeito dos ramos de atua\u00e7\u00e3o e mostrar como \u00e9 poss\u00edvel o profissional inovar, oferecendo servi\u00e7os diferenciados dentro da \u00e1rea de arquitetura.<\/p>\n<p>Al\u00e9m disso, voc\u00ea vai ter acesso a informa\u00e7\u00f5es sobre o mercado e as principais tend\u00eancias do setor para os pr\u00f3ximos anos. Ficou curioso? Continue a leitura e entenda mais sobre o assunto!<\/p>\n<h2>A profiss\u00e3o de arquiteto e suas principais caracter\u00edsticas<\/h2>\n<p>A arquitetura nasceu junto com a necessidade humana de construir abrigos para proteger a si e sua fam\u00edlia das amea\u00e7as naturais \u00e0s quais eles estavam expostos. Por isso, a atua\u00e7\u00e3o do profissional com forma\u00e7\u00e3o em arquitetura e urbanismo, consiste no planejamento e estrutura\u00e7\u00e3o com o prop\u00f3sito de melhorar a qualidade de vida das pessoas que habitam, ou v\u00e3o habitar, um determinado espa\u00e7o.<\/p>\n<p>Desta maneira, o arquiteto entra para o mercado de trabalho totalmente capacitado para criar e estruturar ambientes internos e externos, considerando padr\u00f5es est\u00e9ticos e funcionais que tragam conforto e habitabilidade para o ambiente.<\/p>\n<p>Assim, ao concluir a gradua\u00e7\u00e3o, o arquiteto se depara com uma gama consider\u00e1vel de caminhos que podem ser seguidos, partindo desde a atua\u00e7\u00e3o em empresas de constru\u00e7\u00e3o civil, urbaniza\u00e7\u00e3o e paisagismo, escrit\u00f3rios de arquitetura, \u00f3rg\u00e3os p\u00fablicos, organiza\u00e7\u00f5es sociais, empresas de pesquisa cient\u00edfica e tecnol\u00f3gica, ind\u00fastrias de m\u00f3veis ou at\u00e9 mesmo a abertura do seu pr\u00f3prio neg\u00f3cio.<\/p>\n<h2>\u00c1reas de atua\u00e7\u00e3o para o profissional de arquitetura<\/h2>\n<p>Quem opta pela gradua\u00e7\u00e3o em arquitetura e urbanismo, tem a possibilidade de escolher entre diversas \u00e1reas de atua\u00e7\u00e3o. Confira a seguir as principais \u00e1reas e suas caracter\u00edsticas.<\/p>\n<h3>Arquitetura de Interiores<\/h3>\n<p>Diz respeito \u00e0 especializa\u00e7\u00e3o com a arquitetura de espa\u00e7os internos. \u00c9 importante destacar que a \u00e1rea de arquitetura de interiores n\u00e3o se confunde com o curso de Design de Interiores, j\u00e1 que eles oferecem conhecimentos e uma forma\u00e7\u00e3o distinta. Isso pois, o arquiteto especializado em arquitetura de interiores possui uma forma\u00e7\u00e3o mais completa do que o Designer.<\/p>\n<h3>Paisagismo e ambiente<\/h3>\n<p>\u00c9 um ramo da arquitetura que capacita os profissionais a trabalharem com a arquitetura de ambientes externos. Entre as atividades do arquiteto especializado em paisagismo, podemos destacar a realiza\u00e7\u00e3o de atividades voltadas para gest\u00e3o e planejamento de paisagem urbana, atua\u00e7\u00e3o em projetos de paisagismo e planejamento de <a href=\"https:\/\/www.archademy.com.br\/blog\/projeto-executivo-de-arquitetura\/\" target=\"_blank\" rel=\"noopener noreferrer\">projetos<\/a> arquitet\u00f4nicos de espa\u00e7os como parques e pra\u00e7as.<\/p>\n<p>A atua\u00e7\u00e3o de um arquiteto paisagista \u00e9 muito ampla, j\u00e1 que ele est\u00e1 capacitado para trabalhar em diferentes espa\u00e7os, atendendo \u00e0s demandas de pequenos jardins residenciais at\u00e9 o planejamento de grandes espa\u00e7os e parques a c\u00e9u aberto.<\/p>\n<p>Em termos de mercado e competitividade, esta \u00e9 uma das \u00e1reas mais populares, j\u00e1 que a demanda de clientes \u00e9 consider\u00e1vel.<\/p>\n<h3>Urbanismo<\/h3>\n<p>A express\u00e3o urbanismo se refere a uma t\u00e9cnica de planejamento e desenvolvimento de cidades, com o prop\u00f3sito de criar ambientes que agreguem melhores condi\u00e7\u00f5es de vida para as pessoas. Na pr\u00e1tica, o urbanismo diz respeito ao planejamento urbano e ao projeto de crescimento de bairros e cidades.<\/p>\n<p>No dia a dia das atividades de um arquiteto, essa \u00e1rea consiste no planejamento de espa\u00e7os que garantam melhor qualidade de vida para as pessoas.<\/p>\n<h3>Restaura\u00e7\u00e3o<\/h3>\n<p>Outra \u00e1rea dentro da arquitetura que vem ganhando espa\u00e7o nos \u00faltimos anos \u00e9 a restaura\u00e7\u00e3o de pr\u00e9dios e edif\u00edcios antigos. Trata-se de um trabalho que demanda muito tempo e conhecimento t\u00e9cnico aplicado, por isso \u00e9 muito valorizada dentro da arquitetura.<\/p>\n<p>Por tratar-se de uma especializa\u00e7\u00e3o muito complexa, que demanda tempo e conhecimento sobre t\u00e9cnicas e ferramentas espec\u00edficas, s\u00e3o poucos os profissionais que optam pela atividade, o que faz com que seja uma \u00e1rea que sempre est\u00e1 demandando novos profissionais.<\/p>\n<p>A restaura\u00e7\u00e3o de pr\u00e9dios inclui atividades envolvendo o cuidado e restaura\u00e7\u00e3o de constru\u00e7\u00f5es tombadas como patrim\u00f4nio cultural, ou seja, al\u00e9m da atividade propriamente dita, o profissional que atua com restaura\u00e7\u00e3o tamb\u00e9m contribui para a cultura e manuten\u00e7\u00e3o da hist\u00f3ria das cidades.<\/p>\n<h3>Comunica\u00e7\u00e3o visual<\/h3>\n<p>Por fim, a \u00e1rea de comunica\u00e7\u00e3o visual \u00e9 outra que vem crescendo de forma significativa, principalmente em raz\u00e3o de uma necessidade mercadol\u00f3gica. Ela consiste na aplica\u00e7\u00e3o de princ\u00edpios de marketing e programa\u00e7\u00e3o visual de edif\u00edcios.<\/p>\n<p>Este servi\u00e7o costuma ser demandado por grandes empresas que se preocupam com a imagem que o seu projeto arquitet\u00f4nico trar\u00e1 para os seus clientes e o seu mercado de atua\u00e7\u00e3o.<\/p>\n<h2>Mercado de trabalho e perspectivas<\/h2>\n<p>Como voc\u00ea pode ver, a atua\u00e7\u00e3o profissional de um arquiteto pode se dar em diferentes \u00e1reas. O mercado vem se transformando e com ele, atividades como a do arquiteto tamb\u00e9m est\u00e3o sofrendo transforma\u00e7\u00f5es, gerando novas necessidades e exigindo do profissional a capacidade de se adaptar \u00e0s mudan\u00e7as.<\/p>\n<p>Percebe-se nos \u00faltimos anos uma necessidade crescente de profissionais formados em arquitetura para atuar no mercado, com isso, o pa\u00eds formou um n\u00famero tamb\u00e9m crescente de novos arquitetos, que v\u00eam ocupando \u00e1reas diversas no mercado.<\/p>\n<p>At\u00e9 2017, o mercado encontrava-se em baixa, entretanto, de acordo com informa\u00e7\u00f5es trazidas pelo Anu\u00e1rio de Arquitetura e Urbanismo de 2018, o ano de 2017 se destacou pelo crescimento de 2,5% em rela\u00e7\u00e3o ao ano anterior. Neste per\u00edodo, o que mais cresceu foram atividades atreladas \u00e0 execu\u00e7\u00e3o de obras.<\/p>\n<p>Al\u00e9m disso, com o aumento da oferta de cursos, cresceu tamb\u00e9m a necessidade de professores universit\u00e1rios na \u00e1rea. Desta forma, a atua\u00e7\u00e3o do arquiteto como profissional liberal e\/ou professor universit\u00e1rio, tem sido uma boa op\u00e7\u00e3o para aqueles que decidiram <a href=\"https:\/\/www.archademy.com.br\/blog\/5-coisas-que-aprendi-quando-criei-uma-startup-no-mercado-de-arquitetura\/\" target=\"_blank\" rel=\"noopener noreferrer\">empreender no mercado de arquitetura<\/a>.<\/p>\n<p>Dentro deste contexto de crescimento, a regi\u00e3o Norte do Brasil foi a que mais cresceu, especialmente em raz\u00e3o do aumento de profissionais ingressando no mercado. Entretanto, o crescimento \u00e9 uma realidade que se estende a todo territ\u00f3rio nacional e deve ser visto como uma oportunidade para todos os profissionais que buscam expandir sua atua\u00e7\u00e3o.<\/p>\n<p>No <a href=\"https:\/\/www.caubr.gov.br\/anuario-de-arquitetura-e-urbanismo-2018-traz-principais-informacoes-sobre-o-setor\/\" target=\"_blank\" rel=\"noopener noreferrer\">Anu\u00e1rio de Arquitetura e Urbanismo 2018<\/a> o arquiteto pode ter acesso a informa\u00e7\u00f5es completas a respeito do mercado, n\u00famero de arquitetos e urbanistas, empresas, atividades realizadas, tend\u00eancias e outras informa\u00e7\u00f5es atreladas ao setor.<\/p>\n<p>Mesmo com as expans\u00f5es de mercado e crescimento da oferta, sabemos que o mercado da constru\u00e7\u00e3o civil est\u00e1 diretamente atrelado \u00e0 economia do pa\u00eds. Desta forma, se a economia vai bem, h\u00e1 mais constru\u00e7\u00f5es, e, consequentemente, mais empregos, inclusive para os arquitetos.<\/p>\n<p>Por outro lado, se a economia vai mal, o mercado da constru\u00e7\u00e3o civil tamb\u00e9m vai e com isso, se constr\u00f3i menos e os profissionais da \u00e1rea sentem os impactos negativos no seu trabalho.<\/p>\n<p>Com a recess\u00e3o econ\u00f4mica vivida nos \u00faltimos anos, podemos dizer que o mercado passou por uma crise, entretanto, o cen\u00e1rio j\u00e1 vem mudando e cada dia mais se percebe que surgem novas oportunidades e proje\u00e7\u00f5es de crescimento para o setor.<\/p>\n<h2>M\u00e9dias salariais praticadas pelo mercado<\/h2>\n<p>As m\u00e9dias salariais praticadas pelo mercado de arquitetura podem variar de uma regi\u00e3o para outra. Al\u00e9m disso, o tempo de forma\u00e7\u00e3o, a <a href=\"https:\/\/www.archademy.com.br\/blog\/5-pontos-da-arquitetura-moderna\/\" target=\"_blank\" rel=\"noopener noreferrer\">criatividade<\/a>, a presen\u00e7a e o reconhecimento do profissional no mercado influenciam diretamente no seus ganhos.<\/p>\n<p>Hoje, um profissional rec\u00e9m formado, com um emprego bom, consegue ter um rendimento m\u00e9dio mensal que varia de R$ 3.000,00 a R$ 5.000,00. Os profissionais em n\u00edvel intermedi\u00e1rio, que j\u00e1 possuem mais experi\u00eancia e est\u00e3o com um nome mais estabelecido no mercado, conseguem obter uma renda m\u00e9dia mensal de aproximadamente R$ 8.000,00.<\/p>\n<p>Os arquitetos com mais experi\u00eancia, estabelecidos no mercado e com uma identidade clara, conseguem alcan\u00e7ar uma renda m\u00e9dia mensal que pode variar de R$ 12.000,00 a R$ 20.000,00. Vale destacar que se tratam de estimativas e que diversos fatores podem influenciar na renda de um arquiteto.<\/p>\n<p>Como voc\u00ea pode ver, o profissional de Arquitetura tem um leque muito grande de atua\u00e7\u00e3o no mercado. Ou seja, o seu trabalho n\u00e3o precisa se restringir \u00e0 parte de constru\u00e7\u00e3o, podendo se estender para a gest\u00e3o, design de interiores, <a href=\"https:\/\/www.archademy.com.br\/blog\/7-dicas-para-reformar-ou-decorar-um-apartamento-alugado\/\" target=\"_blank\" rel=\"noopener noreferrer\">decora\u00e7\u00e3o<\/a>, <a href=\"https:\/\/www.archademy.com.br\/blog\/iluminacao-para-banheiro\/\" target=\"_blank\" rel=\"noopener noreferrer\">consultorias em ilumina\u00e7\u00e3o<\/a>, consultorias em <a href=\"https:\/\/www.archademy.com.br\/blog\/como-planejar-uma-reforma\/\" target=\"_blank\" rel=\"noopener noreferrer\">reformas<\/a> e paisagismo. Al\u00e9m disso, sempre surgem vagas espec\u00edficas para arquitetos em concursos p\u00fablicos, o que pode ser uma op\u00e7\u00e3o de carreira interessante para quem busca estabilidade profissional.<\/p>\n<p>Voc\u00ea gostou deste artigo sobre o mercado de arquitetura? Ent\u00e3o siga a Archathon nas redes sociais \u2014 <a href=\"https:\/\/www.instagram.com\/archathonbrasil\/\" target=\"_blank\" rel=\"noopener noreferrer\">Instagram<\/a> e <a href=\"https:\/\/www.facebook.com\/archathon\" target=\"_blank\" rel=\"noopener noreferrer\">Facebook<\/a> \u2014 e fique por dentro de dicas e conte\u00fados exclusivos sobre arquitetura e design de interiores.<\/p>\n<div class=\"rock-convert-banner\"><a href=\"https:\/\/materiais.archathon.com.br\/ebook-como-fechar-um-projeto?utm_medium=rock-convert\" target=\"_blank\" class=\"\" data-cta-id=\"4926\" data-cta-title=\"Saiba tudo sobre como fechar um projeto de arquitetura\"><img width=\"660\" height=\"190\" src=\"https:\/\/www.archademy.com.br\/blog\/wp-content\/uploads\/2019\/08\/CTA2.png\" class=\"attachment-full size-full\" alt=\"como fechar um projeto\" loading=\"lazy\" title=\"Saiba tudo sobre como fechar um projeto de arquitetura\" srcset=\"https:\/\/www.archademy.com.br\/blog\/wp-content\/uploads\/2019\/08\/CTA2.png 660w, https:\/\/www.archademy.com.br\/blog\/wp-content\/uploads\/2019\/08\/CTA2-300x86.png 300w\" sizes=\"(max-width: 660px) 100vw, 660px\" \/><\/a><small class='powered-by-rock-convert'>Powered by <a href='https:\/\/stage.rockcontent.com\/br\/plugin-de-conversao\/?utm_medium=referral&utm_source=https%3A%2F%2Fwww.archademy.com.br%2Fblog&utm_campaign=Powered_By_Link'  target='_blank'>Rock Convert<\/a><\/small><\/div>\n","protected":false},"excerpt":{"rendered":"<p>A arquitetura \u00e9 uma \u00e1rea de atua\u00e7\u00e3o profissional muito ampla e por isso cresce, ano ap\u00f3s ano, o n\u00famero de novos profissionais que ingressam nesse mercado. Toda a versatilidade do setor contribui para o aumento da competitividade, e com isso apenas os bons arquitetos conseguem se destacar. Neste post, voc\u00ea vai entender quais s\u00e3o as &hellip; <\/p>\n<p class=\"link-more\"><a href=\"https:\/\/www.archademy.com.br\/blog\/arquitetura-conheca-o-mercado\/\" class=\"more-link\">Leia mais <span class=\"screen-reader-text\"> &#8220;Arquitetura: conhe\u00e7a o mercado&#8221;<\/span><\/a><\/p>\n","protected":false},"author":2,"featured_media":4826,"comment_status":"open","ping_status":"open","sticky":false,"template":"","format":"standard","meta":[],"categories":[10,36],"tags":[],"yoast_head":"<!-- This site is optimized with the Yoast SEO plugin v19.8 - https:\/\/yoast.com\/wordpress\/plugins\/seo\/ -->\n<title>Arquitetura: conhe\u00e7a o mercado - Archademy<\/title>\n<meta name=\"robots\" content=\"index, follow, max-snippet:-1, max-image-preview:large, max-video-preview:-1\" \/>\n<link rel=\"canonical\" href=\"https:\/\/www.archademy.com.br\/blog\/arquitetura-conheca-o-mercado\/\" \/>\n<meta property=\"og:locale\" content=\"pt_BR\" \/>\n<meta property=\"og:type\" content=\"article\" \/>\n<meta property=\"og:title\" content=\"Arquitetura: conhe\u00e7a o mercado - Archademy\" \/>\n<meta property=\"og:description\" content=\"A arquitetura \u00e9 uma \u00e1rea de atua\u00e7\u00e3o profissional muito ampla e por isso cresce, ano ap\u00f3s ano, o n\u00famero de novos profissionais que ingressam nesse mercado. Toda a versatilidade do setor contribui para o aumento da competitividade, e com isso apenas os bons arquitetos conseguem se destacar. Neste post, voc\u00ea vai entender quais s\u00e3o as &hellip; Leia mais &quot;Arquitetura: conhe\u00e7a o mercado&quot;\" \/>\n<meta property=\"og:url\" content=\"https:\/\/www.archademy.com.br\/blog\/arquitetura-conheca-o-mercado\/\" \/>\n<meta property=\"og:site_name\" content=\"Archademy\" \/>\n<meta property=\"article:published_time\" content=\"2019-07-25T21:21:46+00:00\" \/>\n<meta property=\"article:modified_time\" content=\"2019-08-12T21:51:41+00:00\" \/>\n<meta property=\"og:image\" content=\"https:\/\/www.archademy.com.br\/blog\/wp-content\/uploads\/2019\/07\/original-fe5f937e30f1b3b577f42ae20e1fcd92.jpg\" \/>\n\t<meta property=\"og:image:width\" content=\"1500\" \/>\n\t<meta property=\"og:image:height\" content=\"900\" \/>\n\t<meta property=\"og:image:type\" content=\"image\/jpeg\" \/>\n<meta name=\"author\" content=\"ArchaTeam\" \/>\n<meta name=\"twitter:card\" content=\"summary_large_image\" \/>\n<meta name=\"twitter:label1\" content=\"Escrito por\" \/>\n\t<meta name=\"twitter:data1\" content=\"ArchaTeam\" \/>\n\t<meta name=\"twitter:label2\" content=\"Est. tempo de leitura\" \/>\n\t<meta name=\"twitter:data2\" content=\"8 minutos\" \/>\n<script type=\"application\/ld+json\" class=\"yoast-schema-graph\">{\"@context\":\"https:\/\/schema.org\",\"@graph\":[{\"@type\":\"Article\",\"@id\":\"https:\/\/www.archademy.com.br\/blog\/arquitetura-conheca-o-mercado\/#article\",\"isPartOf\":{\"@id\":\"https:\/\/www.archademy.com.br\/blog\/arquitetura-conheca-o-mercado\/\"},\"author\":{\"name\":\"ArchaTeam\",\"@id\":\"https:\/\/www.archademy.com.br\/blog\/#\/schema\/person\/d131b6844bf56ba2aa334dee3461af65\"},\"headline\":\"Arquitetura: conhe\u00e7a o mercado\",\"datePublished\":\"2019-07-25T21:21:46+00:00\",\"dateModified\":\"2019-08-12T21:51:41+00:00\",\"mainEntityOfPage\":{\"@id\":\"https:\/\/www.archademy.com.br\/blog\/arquitetura-conheca-o-mercado\/\"},\"wordCount\":1535,\"commentCount\":1,\"publisher\":{\"@id\":\"https:\/\/www.archademy.com.br\/blog\/#organization\"},\"articleSection\":[\"Carreira\",\"Destaques\"],\"inLanguage\":\"pt-BR\",\"potentialAction\":[{\"@type\":\"CommentAction\",\"name\":\"Comment\",\"target\":[\"https:\/\/www.archademy.com.br\/blog\/arquitetura-conheca-o-mercado\/#respond\"]}]},{\"@type\":\"WebPage\",\"@id\":\"https:\/\/www.archademy.com.br\/blog\/arquitetura-conheca-o-mercado\/\",\"url\":\"https:\/\/www.archademy.com.br\/blog\/arquitetura-conheca-o-mercado\/\",\"name\":\"Arquitetura: conhe\u00e7a o mercado - Archademy\",\"isPartOf\":{\"@id\":\"https:\/\/www.archademy.com.br\/blog\/#website\"},\"datePublished\":\"2019-07-25T21:21:46+00:00\",\"dateModified\":\"2019-08-12T21:51:41+00:00\",\"breadcrumb\":{\"@id\":\"https:\/\/www.archademy.com.br\/blog\/arquitetura-conheca-o-mercado\/#breadcrumb\"},\"inLanguage\":\"pt-BR\",\"potentialAction\":[{\"@type\":\"ReadAction\",\"target\":[\"https:\/\/www.archademy.com.br\/blog\/arquitetura-conheca-o-mercado\/\"]}]},{\"@type\":\"BreadcrumbList\",\"@id\":\"https:\/\/www.archademy.com.br\/blog\/arquitetura-conheca-o-mercado\/#breadcrumb\",\"itemListElement\":[{\"@type\":\"ListItem\",\"position\":1,\"name\":\"In\u00edcio\",\"item\":\"https:\/\/www.archademy.com.br\/blog\/\"},{\"@type\":\"ListItem\",\"position\":2,\"name\":\"Arquitetura: conhe\u00e7a o mercado\"}]},{\"@type\":\"WebSite\",\"@id\":\"https:\/\/www.archademy.com.br\/blog\/#website\",\"url\":\"https:\/\/www.archademy.com.br\/blog\/\",\"name\":\"Archademy\",\"description\":\"Inova\u00e7\u00e3o Em Arquitetura e Design de Interiores\",\"publisher\":{\"@id\":\"https:\/\/www.archademy.com.br\/blog\/#organization\"},\"potentialAction\":[{\"@type\":\"SearchAction\",\"target\":{\"@type\":\"EntryPoint\",\"urlTemplate\":\"https:\/\/www.archademy.com.br\/blog\/?s={search_term_string}\"},\"query-input\":\"required name=search_term_string\"}],\"inLanguage\":\"pt-BR\"},{\"@type\":\"Organization\",\"@id\":\"https:\/\/www.archademy.com.br\/blog\/#organization\",\"name\":\"Archademy\",\"url\":\"https:\/\/www.archademy.com.br\/blog\/\",\"sameAs\":[],\"logo\":{\"@type\":\"ImageObject\",\"inLanguage\":\"pt-BR\",\"@id\":\"https:\/\/www.archademy.com.br\/blog\/#\/schema\/logo\/image\/\",\"url\":\"https:\/\/www.archademy.com.br\/blog\/wp-content\/uploads\/2019\/06\/archademy-logo-b.png\",\"contentUrl\":\"https:\/\/www.archademy.com.br\/blog\/wp-content\/uploads\/2019\/06\/archademy-logo-b.png\",\"width\":322,\"height\":150,\"caption\":\"Archademy\"},\"image\":{\"@id\":\"https:\/\/www.archademy.com.br\/blog\/#\/schema\/logo\/image\/\"}},{\"@type\":\"Person\",\"@id\":\"https:\/\/www.archademy.com.br\/blog\/#\/schema\/person\/d131b6844bf56ba2aa334dee3461af65\",\"name\":\"ArchaTeam\",\"image\":{\"@type\":\"ImageObject\",\"inLanguage\":\"pt-BR\",\"@id\":\"https:\/\/www.archademy.com.br\/blog\/#\/schema\/person\/image\/\",\"url\":\"https:\/\/www.archademy.com.br\/wp-content\/uploads\/2019\/04\/archa_simbolo-96x96.jpg\",\"contentUrl\":\"https:\/\/www.archademy.com.br\/wp-content\/uploads\/2019\/04\/archa_simbolo-96x96.jpg\",\"caption\":\"ArchaTeam\"},\"description\":\"Equipe @archademy.br\",\"sameAs\":[\"https:\/\/www.instagram.com\/archademy.br\/\"],\"url\":\"https:\/\/www.archademy.com.br\/blog\/author\/archanews\/\"}]}<\/script>\n<!-- \/ Yoast SEO plugin. -->","yoast_head_json":{"title":"Arquitetura: conhe\u00e7a o mercado - Archademy","robots":{"index":"index","follow":"follow","max-snippet":"max-snippet:-1","max-image-preview":"max-image-preview:large","max-video-preview":"max-video-preview:-1"},"canonical":"https:\/\/www.archademy.com.br\/blog\/arquitetura-conheca-o-mercado\/","og_locale":"pt_BR","og_type":"article","og_title":"Arquitetura: conhe\u00e7a o mercado - Archademy","og_description":"A arquitetura \u00e9 uma \u00e1rea de atua\u00e7\u00e3o profissional muito ampla e por isso cresce, ano ap\u00f3s ano, o n\u00famero de novos profissionais que ingressam nesse mercado. Toda a versatilidade do setor contribui para o aumento da competitividade, e com isso apenas os bons arquitetos conseguem se destacar. Neste post, voc\u00ea vai entender quais s\u00e3o as &hellip; Leia mais \"Arquitetura: conhe\u00e7a o mercado\"","og_url":"https:\/\/www.archademy.com.br\/blog\/arquitetura-conheca-o-mercado\/","og_site_name":"Archademy","article_published_time":"2019-07-25T21:21:46+00:00","article_modified_time":"2019-08-12T21:51:41+00:00","og_image":[{"width":1500,"height":900,"url":"https:\/\/www.archademy.com.br\/blog\/wp-content\/uploads\/2019\/07\/original-fe5f937e30f1b3b577f42ae20e1fcd92.jpg","type":"image\/jpeg"}],"author":"ArchaTeam","twitter_card":"summary_large_image","twitter_misc":{"Escrito por":"ArchaTeam","Est. tempo de leitura":"8 minutos"},"schema":{"@context":"https:\/\/schema.org","@graph":[{"@type":"Article","@id":"https:\/\/www.archademy.com.br\/blog\/arquitetura-conheca-o-mercado\/#article","isPartOf":{"@id":"https:\/\/www.archademy.com.br\/blog\/arquitetura-conheca-o-mercado\/"},"author":{"name":"ArchaTeam","@id":"https:\/\/www.archademy.com.br\/blog\/#\/schema\/person\/d131b6844bf56ba2aa334dee3461af65"},"headline":"Arquitetura: conhe\u00e7a o mercado","datePublished":"2019-07-25T21:21:46+00:00","dateModified":"2019-08-12T21:51:41+00:00","mainEntityOfPage":{"@id":"https:\/\/www.archademy.com.br\/blog\/arquitetura-conheca-o-mercado\/"},"wordCount":1535,"commentCount":1,"publisher":{"@id":"https:\/\/www.archademy.com.br\/blog\/#organization"},"articleSection":["Carreira","Destaques"],"inLanguage":"pt-BR","potentialAction":[{"@type":"CommentAction","name":"Comment","target":["https:\/\/www.archademy.com.br\/blog\/arquitetura-conheca-o-mercado\/#respond"]}]},{"@type":"WebPage","@id":"https:\/\/www.archademy.com.br\/blog\/arquitetura-conheca-o-mercado\/","url":"https:\/\/www.archademy.com.br\/blog\/arquitetura-conheca-o-mercado\/","name":"Arquitetura: conhe\u00e7a o mercado - Archademy","isPartOf":{"@id":"https:\/\/www.archademy.com.br\/blog\/#website"},"datePublished":"2019-07-25T21:21:46+00:00","dateModified":"2019-08-12T21:51:41+00:00","breadcrumb":{"@id":"https:\/\/www.archademy.com.br\/blog\/arquitetura-conheca-o-mercado\/#breadcrumb"},"inLanguage":"pt-BR","potentialAction":[{"@type":"ReadAction","target":["https:\/\/www.archademy.com.br\/blog\/arquitetura-conheca-o-mercado\/"]}]},{"@type":"BreadcrumbList","@id":"https:\/\/www.archademy.com.br\/blog\/arquitetura-conheca-o-mercado\/#breadcrumb","itemListElement":[{"@type":"ListItem","position":1,"name":"In\u00edcio","item":"https:\/\/www.archademy.com.br\/blog\/"},{"@type":"ListItem","position":2,"name":"Arquitetura: conhe\u00e7a o mercado"}]},{"@type":"WebSite","@id":"https:\/\/www.archademy.com.br\/blog\/#website","url":"https:\/\/www.archademy.com.br\/blog\/","name":"Archademy","description":"Inova\u00e7\u00e3o Em Arquitetura e Design de Interiores","publisher":{"@id":"https:\/\/www.archademy.com.br\/blog\/#organization"},"potentialAction":[{"@type":"SearchAction","target":{"@type":"EntryPoint","urlTemplate":"https:\/\/www.archademy.com.br\/blog\/?s={search_term_string}"},"query-input":"required name=search_term_string"}],"inLanguage":"pt-BR"},{"@type":"Organization","@id":"https:\/\/www.archademy.com.br\/blog\/#organization","name":"Archademy","url":"https:\/\/www.archademy.com.br\/blog\/","sameAs":[],"logo":{"@type":"ImageObject","inLanguage":"pt-BR","@id":"https:\/\/www.archademy.com.br\/blog\/#\/schema\/logo\/image\/","url":"https:\/\/www.archademy.com.br\/blog\/wp-content\/uploads\/2019\/06\/archademy-logo-b.png","contentUrl":"https:\/\/www.archademy.com.br\/blog\/wp-content\/uploads\/2019\/06\/archademy-logo-b.png","width":322,"height":150,"caption":"Archademy"},"image":{"@id":"https:\/\/www.archademy.com.br\/blog\/#\/schema\/logo\/image\/"}},{"@type":"Person","@id":"https:\/\/www.archademy.com.br\/blog\/#\/schema\/person\/d131b6844bf56ba2aa334dee3461af65","name":"ArchaTeam","image":{"@type":"ImageObject","inLanguage":"pt-BR","@id":"https:\/\/www.archademy.com.br\/blog\/#\/schema\/person\/image\/","url":"https:\/\/www.archademy.com.br\/wp-content\/uploads\/2019\/04\/archa_simbolo-96x96.jpg","contentUrl":"https:\/\/www.archademy.com.br\/wp-content\/uploads\/2019\/04\/archa_simbolo-96x96.jpg","caption":"ArchaTeam"},"description":"Equipe @archademy.br","sameAs":["https:\/\/www.instagram.com\/archademy.br\/"],"url":"https:\/\/www.archademy.com.br\/blog\/author\/archanews\/"}]}},"taxonomies":[{"category_link":"https:\/\/www.archademy.com.br\/blog\/category\/carreira\/","category_name":"Carreira","category_id":10},{"category_link":"https:\/\/www.archademy.com.br\/blog\/category\/destaques\/","category_name":"Destaques","category_id":36}],"thumbnail_url":"https:\/\/www.archademy.com.br\/blog\/wp-content\/uploads\/2019\/07\/original-fe5f937e30f1b3b577f42ae20e1fcd92-1024x614.jpg","_links":{"self":[{"href":"https:\/\/www.archademy.com.br\/blog\/wp-json\/wp\/v2\/posts\/4825"}],"collection":[{"href":"https:\/\/www.archademy.com.br\/blog\/wp-json\/wp\/v2\/posts"}],"about":[{"href":"https:\/\/www.archademy.com.br\/blog\/wp-json\/wp\/v2\/types\/post"}],"author":[{"embeddable":true,"href":"https:\/\/www.archademy.com.br\/blog\/wp-json\/wp\/v2\/users\/2"}],"replies":[{"embeddable":true,"href":"https:\/\/www.archademy.com.br\/blog\/wp-json\/wp\/v2\/comments?post=4825"}],"version-history":[{"count":3,"href":"https:\/\/www.archademy.com.br\/blog\/wp-json\/wp\/v2\/posts\/4825\/revisions"}],"predecessor-version":[{"id":5114,"href":"https:\/\/www.archademy.com.br\/blog\/wp-json\/wp\/v2\/posts\/4825\/revisions\/5114"}],"wp:featuredmedia":[{"embeddable":true,"href":"https:\/\/www.archademy.com.br\/blog\/wp-json\/wp\/v2\/media\/4826"}],"wp:attachment":[{"href":"https:\/\/www.archademy.com.br\/blog\/wp-json\/wp\/v2\/media?parent=4825"}],"wp:term":[{"taxonomy":"category","embeddable":true,"href":"https:\/\/www.archademy.com.br\/blog\/wp-json\/wp\/v2\/categories?post=4825"},{"taxonomy":"post_tag","embeddable":true,"href":"https:\/\/www.archademy.com.br\/blog\/wp-json\/wp\/v2\/tags?post=4825"}],"curies":[{"name":"wp","href":"https:\/\/api.w.org\/{rel}","templated":true}]}}