{"id":539,"date":"2018-05-08T15:16:41","date_gmt":"2018-05-08T15:16:41","guid":{"rendered":"http:\/\/www.archademy.com.br\/blog\/capacitacao-profissional-para-arquitetos-e-designers-de-interiores-saiba-onde-investir\/"},"modified":"2018-05-08T15:16:41","modified_gmt":"2018-05-08T15:16:41","slug":"capacitacao-profissional-para-arquitetos-e-designers-de-interiores-saiba-onde-investir","status":"publish","type":"post","link":"https:\/\/www.archademy.com.br\/blog\/capacitacao-profissional-para-arquitetos-e-designers-de-interiores-saiba-onde-investir\/","title":{"rendered":"Capacita\u00e7\u00e3o profissional para arquitetos e designers de interiores: saiba onde investir"},"content":{"rendered":"<p>Voc\u00ea sabe por que deve investir\u00a0em capacita\u00e7\u00e3o profissional? A resposta \u00e9 simples: para agregar conhecimento,\u00a0atualizar-se e\u00a0especializar-se. Afinal, essa \u00e9\u00a0a chave para construir sua autoridade como arquiteto ou designer de interiores\u00a0e conquistar\u00a0\u00eaxito na profiss\u00e3o.<\/p>\n<p>A <a href=\"http:\/\/www.archademy.com.br\/blog\/como-cobrar-por-um-projeto-de-arquitetura-saiba-como-precificar-os-servicos\/\" target=\"_blank\">Arquitetura<\/a> e o Design de Interiores s\u00e3o \u00e1reas din\u00e2micas, que evoluem conforme as demandas,\u00a0as mudan\u00e7as comportamentais e os desafios enfrentados pela sociedade, bem\u00a0como\u00a0o avan\u00e7o tecnol\u00f3gico.<\/p>\n<p>E sabe o que isso significa? Para n\u00e3o se tornar um profissional obsoleto, tanto frente ao mercado corporativo quanto para <a href=\"http:\/\/archanews.com.br\/nao-consegue-captar-clientes-para-o-seu-escritorio-saiba-o-porque\/\" target=\"_blank\">conquistar clientes<\/a> como aut\u00f4nomo, voc\u00ea precisa aprimorar continuamente o aprendizado adquirido na faculdade.<\/p>\n<p>S\u00e3o incontest\u00e1veis as vantagens de\u00a0investir em capacita\u00e7\u00e3o profissional quando o objetivo \u00e9 se destacar em um mercado t\u00e3o competitivo como o da Arquitetura. Confira, a seguir, algumas delas:<\/p>\n<ul>\n<li>possibilidade de estender conhecimentos, atualizar\u00a0t\u00e9cnicas e adotar inova\u00e7\u00f5es tecnol\u00f3gicas e sustent\u00e1veis;<\/li>\n<li>aumento da\u00a0remunera\u00e7\u00e3o, da valoriza\u00e7\u00e3o profissional e da chance de ascens\u00e3o (se trabalha em\u00a0uma corpora\u00e7\u00e3o);<\/li>\n<li>amplia\u00e7\u00e3o de networking e\u00a0das perspectivas de atua\u00e7\u00e3o;<\/li>\n<li>consolida\u00e7\u00e3o da\u00a0imagem de autoridade no assunto.\u00a0<\/li>\n<\/ul>\n<p>S\u00e3o motivos suficientes para convenc\u00ea-lo? Esperamos que sim! Por isso, vamos mostrar, agora,\u00a0como e onde investir para consolidar de vez sua carreira.\u00a0Acompanhe!<\/p>\n<h2>Pesquisa<\/h2>\n<p>Na hora de buscar novos conhecimentos, \u00e9 comum bater aquela d\u00favida de a qual \u00e1rea\u00a0se dedicar. Por isso, o primeiro passo \u00e9 avaliar se existe algum segmento no qual voc\u00ea deseja muito trabalhar. Afinal, um profissional feliz com o que faz tem mais chances de sucesso.<\/p>\n<p>Entretanto, n\u00e3o se pode descartar setores e atividades que est\u00e3o em alta no mercado. Se poss\u00edvel, o\u00a0ideal \u00e9 conciliar essas duas condi\u00e7\u00f5es, concorda?<\/p>\n<p>Atualmente, algumas \u00e1reas est\u00e3o em destaque no setor da Arquitetura e do Design de Interiores.\u00a0Veja algumas delas:<\/p>\n<ul>\n<li>elabora\u00e7\u00e3o de projetos com a tecnologia BIM;<\/li>\n<li>modelagem em 3D e realidade virtual;<\/li>\n<li>desenvolvimento de t\u00e9cnicas sustent\u00e1veis e materiais renov\u00e1veis;<\/li>\n<li>tecnologia da informa\u00e7\u00e3o e softwares;<\/li>\n<li>restaura\u00e7\u00e3o de edifica\u00e7\u00f5es e planejamento urbano;<\/li>\n<li>conforto\u00a0t\u00e9rmico e ac\u00fastico.<\/li>\n<\/ul>\n<p>\u00c9 importante ficar sempre antenado, pois, como dissemos, trata-se de um mercado em constante evolu\u00e7\u00e3o e novidades surgem a cada dia! Navegue pela Internet, leia peri\u00f3dicos, sites e blogs especializados e converse com colegas de profiss\u00e3o para manter-se atualizado.<\/p>\n<h2>Amplia\u00e7\u00e3o da \u00e1rea de atua\u00e7\u00e3o<\/h2>\n<p>Ao conquistar o\u00a0diploma, o arquiteto e o designer de interiores s\u00e3o generalistas, isto \u00e9, aptos a desenvolverem projetos em diferentes \u00e1reas dentro de sua forma\u00e7\u00e3o.<\/p>\n<p>O primeiro, por exemplo, pode trabalhar com paisagismo, Design de Interiores e de produto, projetos de edifica\u00e7\u00f5es em geral, urbanismo, cenografia, gerenciamento de obras e preserva\u00e7\u00e3o do patrim\u00f4nio hist\u00f3rico.<\/p>\n<p>J\u00e1 o segundo\u00a0tem atua\u00e7\u00e3o mais restrita, n\u00e3o podendo executar obras ou projetos que demandem\u00a0altera\u00e7\u00f5es estruturais. Dessa forma, desenvolve, principalmente, projetos para ambienta\u00e7\u00e3o de espa\u00e7os, tornando-os mais confort\u00e1veis, funcionais e sustent\u00e1veis.\u00a0<\/p>\n<p>Independentemente dessas diferen\u00e7as de atua\u00e7\u00e3o, ambos se dedicam a disciplinas complementares. Por exemplo, se voc\u00ea contratar o projeto de uma casa, espera\u00a0que o paisagismo esteja inclu\u00eddo, n\u00e3o \u00e9 mesmo?\u00a0<\/p>\n<p>Com o ritmo de vida cada vez mais acelerado, \u00e9 prov\u00e1vel, inclusive, que seu cliente n\u00e3o deseje somente o projeto, mas o gerenciamento da obra. Voc\u00ea est\u00e1 pronto para atend\u00ea-lo?<\/p>\n<p>Por isso, tenha em mente que voc\u00ea precisar\u00e1 se especializar em mais de um segmento, de acordo com o seu foco de atua\u00e7\u00e3o e seu p\u00fablico-alvo,\u00a0para <a href=\"http:\/\/www.archademy.com.br\/blog\/como-ganhar-dinheiro-so-com-arquitetura-e-se-diferenciar-no-mercado\/\" target=\"_blank\">se diferenciar no mercado<\/a>.<\/p>\n<h2>Cursos de especializa\u00e7\u00e3o<\/h2>\n<p>S\u00e3o \u00f3timas alternativas\u00a0para ampliar a capacita\u00e7\u00e3o profissional, j\u00e1 que tanto para trabalhar no ambiente corporativo quanto para exercer uma atividade aut\u00f4noma, o ac\u00famulo de fun\u00e7\u00f5es \u00e9 uma realidade para o arquiteto e o designer de interiores.<\/p>\n<p>Antes de optar por algum curso, defina seus objetivos em curto e m\u00e9dio prazos, bem como seu plano de carreira. Al\u00e9m disso, organize suas finan\u00e7as e\u00a0avalie se, de fato,\u00a0ter\u00e1 tempo dispon\u00edvel e disposi\u00e7\u00e3o para se dedicar aos estudos.<\/p>\n<p>Os cursos de p\u00f3s-gradua\u00e7\u00e3o s\u00e3o, comumente,\u00a0de curta dura\u00e7\u00e3o\u00a0\u2014\u00a0um ano \u2014 e oferecidos pelas faculdades e universidades em duas modalidades: <em>lato sensu<\/em>, para quem deseja se especializar em um tema espec\u00edfico de sua forma\u00e7\u00e3o (inclui o MBA), ou <em>stricto sensu<\/em>, a primeira etapa para quem planeja investir em pesquisa ou em uma carreira acad\u00eamica.<\/p>\n<p>Ali\u00e1s, para seguir a carreira de docente,\u00a0os cursos de mestrado e doutorado t\u00eam se tornado pr\u00e9-requisitos indispens\u00e1veis. Isso porque as universidades precisam contar, obrigatoriamente, com um n\u00famero m\u00ednimo de professores doutores. Por isso, esses profissionais\u00a0s\u00e3o mais valorizados.<\/p>\n<p>Essas forma\u00e7\u00f5es t\u00eam diferen\u00e7as importantes. No mestrado, o aluno assiste a aulas, define um tema de estudo e pesquisa\u00a0e conta com um orientador para ajud\u00e1-lo no\u00a0desenvolvimento de uma\u00a0disserta\u00e7\u00e3o. Ao final de dois anos, em m\u00e9dia, o trabalho deve ser aprovado por uma banca examinadora.\u00a0<\/p>\n<p>J\u00e1 para se tornar um doutor, o aluno fica de 4 a 5 anos envolvido com o desenvolvimento de uma tese, baseada em um tema in\u00e9dito e em uma an\u00e1lise mais aprofundada. Tamb\u00e9m assiste a aulas, conta com um orientador\u00a0e o\u00a0trabalho deve ser aprovado por uma banca examinadora. O t\u00edtulo ainda pode se estender a um p\u00f3s-doutorado, caso o aluno continue sua pesquisa cient\u00edfica.<\/p>\n<p>Vale destacar que alguns\u00a0desses programas podem ser desenvolvidos com o aux\u00edlio de bolsas parciais ou integrais. Voc\u00ea pode conferir na universidade como se candidatar a uma.<\/p>\n<h2>Treinamento t\u00e9cnico<\/h2>\n<p>Foi-se o tempo em que a prancheta, a r\u00e9gua &#8220;T&#8221;, os esquadros e o escal\u00edmetro eram as principais ferramentas do arquiteto! Atualmente, ter conhecimento de softwares de desenho e modelagem \u00e9\u00a0pr\u00e9-requisito\u00a0b\u00e1sico\u00a0para trabalhar em qualquer <a href=\"http:\/\/www.archademy.com.br\/blog\/como-montar-um-escritorio-de-arquitetura-veja-os-primeiros-passos\/\" target=\"_blank\">escrit\u00f3rio<\/a>.<\/p>\n<p>Ademais, com o ac\u00famulo de fun\u00e7\u00f5es, a capacita\u00e7\u00e3o profissional vai al\u00e9m da profici\u00eancia em desenho t\u00e9cnico e da proposi\u00e7\u00e3o de\u00a0solu\u00e7\u00f5es\u00a0inovadoras. Ser capaz de gerenciar contratos, elaborar or\u00e7amentos e acompanhar cronogramas faz parte da rotina do arquiteto. Dessa maneira, o dom\u00ednio de programas de gest\u00e3o de projetos\u00a0\u00e9 um diferencial relevante.<\/p>\n<p>Por isso, invista em cursos para utiliza\u00e7\u00e3o desses softwares. Existem escolas t\u00e9cnicas que disponibilizam aulas presenciais al\u00e9m de m\u00f3dulos online. Ali\u00e1s, navegando pela Internet, voc\u00ea encontra, tamb\u00e9m, cursos menos aprofundados e muitos tutoriais gratuitos!<\/p>\n<h2>Participa\u00e7\u00e3o em eventos<\/h2>\n<p>Entre as op\u00e7\u00f5es desta lista, pode-se dizer que os <a href=\"http:\/\/www.archademy.com.br\/blog\/8-eventos-de-arquitetura-e-design-de-interiores-que-voce-nao-pode-perder\/\" target=\"_blank\">eventos de Arquitetura e Design de Interiores<\/a> s\u00e3o as oportunidades mais indicadas para quem busca ampliar seu networking e formar parcerias, conhecer empresas, novas\u00a0tecnologias e pr\u00e1ticas sustent\u00e1veis e\u00a0atualizar-se em rela\u00e7\u00e3o \u00e0s novas tend\u00eancias e conceitos.<\/p>\n<p>Esses encontros\u00a0s\u00e3o realizados ao longo de todo o ano, em diferentes regi\u00f5es do pa\u00eds e do mundo, em formato de\u00a0<a href=\"https:\/\/www.archathon.com.br\/\" target=\"_blank\">workshops<\/a>, feiras,\u00a0palestras, mostras, congressos, concursos de projetos, entre outras modalidades.<\/p>\n<p>Mais uma vez, a Internet \u00e9 uma grande aliada para saber as datas e atra\u00e7\u00f5es de cada evento e como participar.<\/p>\n<p>Esperamos que este post tenha\u00a0esclarecido a import\u00e2ncia e as maneiras de investir em capacita\u00e7\u00e3o profissional.\u00a0Se voc\u00ea gostou do\u00a0conte\u00fado e quer saber mais sobre como impulsionar sua carreira, conhe\u00e7a o <a href=\"https:\/\/www.archathon.com.br\/\" target=\"_blank\">Archathon<\/a>! Vamos l\u00e1!<\/p>\n","protected":false},"excerpt":{"rendered":"<p>Voc\u00ea sabe por que deve investir\u00a0em capacita\u00e7\u00e3o profissional? A resposta \u00e9 simples: para agregar conhecimento,\u00a0atualizar-se e\u00a0especializar-se. Afinal, essa \u00e9\u00a0a chave para construir sua autoridade como arquiteto ou designer de interiores\u00a0e conquistar\u00a0\u00eaxito na profiss\u00e3o. A Arquitetura e o Design de Interiores s\u00e3o \u00e1reas din\u00e2micas, que evoluem conforme as demandas,\u00a0as mudan\u00e7as comportamentais e os desafios enfrentados pela &hellip; <\/p>\n<p class=\"link-more\"><a href=\"https:\/\/www.archademy.com.br\/blog\/capacitacao-profissional-para-arquitetos-e-designers-de-interiores-saiba-onde-investir\/\" class=\"more-link\">Leia mais <span class=\"screen-reader-text\"> &#8220;Capacita\u00e7\u00e3o profissional para arquitetos e designers de interiores: saiba onde investir&#8221;<\/span><\/a><\/p>\n","protected":false},"author":2,"featured_media":540,"comment_status":"open","ping_status":"open","sticky":false,"template":"","format":"standard","meta":[],"categories":[11],"tags":[],"yoast_head":"<!-- This site is optimized with the Yoast SEO plugin v19.8 - https:\/\/yoast.com\/wordpress\/plugins\/seo\/ -->\n<title>Capacita\u00e7\u00e3o profissional para arquitetos e designers de interiores: saiba onde investir - Archademy<\/title>\n<meta name=\"robots\" content=\"index, follow, max-snippet:-1, max-image-preview:large, max-video-preview:-1\" \/>\n<link rel=\"canonical\" href=\"https:\/\/www.archademy.com.br\/blog\/capacitacao-profissional-para-arquitetos-e-designers-de-interiores-saiba-onde-investir\/\" \/>\n<meta property=\"og:locale\" content=\"pt_BR\" \/>\n<meta property=\"og:type\" content=\"article\" \/>\n<meta property=\"og:title\" content=\"Capacita\u00e7\u00e3o profissional para arquitetos e designers de interiores: saiba onde investir - Archademy\" \/>\n<meta property=\"og:description\" content=\"Voc\u00ea sabe por que deve investir\u00a0em capacita\u00e7\u00e3o profissional? A resposta \u00e9 simples: para agregar conhecimento,\u00a0atualizar-se e\u00a0especializar-se. Afinal, essa \u00e9\u00a0a chave para construir sua autoridade como arquiteto ou designer de interiores\u00a0e conquistar\u00a0\u00eaxito na profiss\u00e3o. A Arquitetura e o Design de Interiores s\u00e3o \u00e1reas din\u00e2micas, que evoluem conforme as demandas,\u00a0as mudan\u00e7as comportamentais e os desafios enfrentados pela &hellip; Leia mais &quot;Capacita\u00e7\u00e3o profissional para arquitetos e designers de interiores: saiba onde investir&quot;\" \/>\n<meta property=\"og:url\" content=\"https:\/\/www.archademy.com.br\/blog\/capacitacao-profissional-para-arquitetos-e-designers-de-interiores-saiba-onde-investir\/\" \/>\n<meta property=\"og:site_name\" content=\"Archademy\" \/>\n<meta property=\"article:published_time\" content=\"2018-05-08T15:16:41+00:00\" \/>\n<meta property=\"og:image\" content=\"https:\/\/www.archademy.com.br\/blog\/wp-content\/uploads\/2018\/05\/196921-capacitacao-profissional-para-arquitetos-e-designers-de-interiores-saiba-onde-investir.jpeg\" \/>\n\t<meta property=\"og:image:width\" content=\"2250\" \/>\n\t<meta property=\"og:image:height\" content=\"1500\" \/>\n\t<meta property=\"og:image:type\" content=\"image\/jpeg\" \/>\n<meta name=\"author\" content=\"ArchaTeam\" \/>\n<meta name=\"twitter:card\" content=\"summary_large_image\" \/>\n<meta name=\"twitter:label1\" content=\"Escrito por\" \/>\n\t<meta name=\"twitter:data1\" content=\"ArchaTeam\" \/>\n\t<meta name=\"twitter:label2\" content=\"Est. tempo de leitura\" \/>\n\t<meta name=\"twitter:data2\" content=\"6 minutos\" \/>\n<script type=\"application\/ld+json\" class=\"yoast-schema-graph\">{\"@context\":\"https:\/\/schema.org\",\"@graph\":[{\"@type\":\"Article\",\"@id\":\"https:\/\/www.archademy.com.br\/blog\/capacitacao-profissional-para-arquitetos-e-designers-de-interiores-saiba-onde-investir\/#article\",\"isPartOf\":{\"@id\":\"https:\/\/www.archademy.com.br\/blog\/capacitacao-profissional-para-arquitetos-e-designers-de-interiores-saiba-onde-investir\/\"},\"author\":{\"name\":\"ArchaTeam\",\"@id\":\"https:\/\/www.archademy.com.br\/blog\/#\/schema\/person\/d131b6844bf56ba2aa334dee3461af65\"},\"headline\":\"Capacita\u00e7\u00e3o profissional para arquitetos e designers de interiores: saiba onde investir\",\"datePublished\":\"2018-05-08T15:16:41+00:00\",\"dateModified\":\"2018-05-08T15:16:41+00:00\",\"mainEntityOfPage\":{\"@id\":\"https:\/\/www.archademy.com.br\/blog\/capacitacao-profissional-para-arquitetos-e-designers-de-interiores-saiba-onde-investir\/\"},\"wordCount\":1260,\"commentCount\":0,\"publisher\":{\"@id\":\"https:\/\/www.archademy.com.br\/blog\/#organization\"},\"articleSection\":[\"Workshop\"],\"inLanguage\":\"pt-BR\",\"potentialAction\":[{\"@type\":\"CommentAction\",\"name\":\"Comment\",\"target\":[\"https:\/\/www.archademy.com.br\/blog\/capacitacao-profissional-para-arquitetos-e-designers-de-interiores-saiba-onde-investir\/#respond\"]}]},{\"@type\":\"WebPage\",\"@id\":\"https:\/\/www.archademy.com.br\/blog\/capacitacao-profissional-para-arquitetos-e-designers-de-interiores-saiba-onde-investir\/\",\"url\":\"https:\/\/www.archademy.com.br\/blog\/capacitacao-profissional-para-arquitetos-e-designers-de-interiores-saiba-onde-investir\/\",\"name\":\"Capacita\u00e7\u00e3o profissional para arquitetos e designers de interiores: saiba onde investir - Archademy\",\"isPartOf\":{\"@id\":\"https:\/\/www.archademy.com.br\/blog\/#website\"},\"datePublished\":\"2018-05-08T15:16:41+00:00\",\"dateModified\":\"2018-05-08T15:16:41+00:00\",\"breadcrumb\":{\"@id\":\"https:\/\/www.archademy.com.br\/blog\/capacitacao-profissional-para-arquitetos-e-designers-de-interiores-saiba-onde-investir\/#breadcrumb\"},\"inLanguage\":\"pt-BR\",\"potentialAction\":[{\"@type\":\"ReadAction\",\"target\":[\"https:\/\/www.archademy.com.br\/blog\/capacitacao-profissional-para-arquitetos-e-designers-de-interiores-saiba-onde-investir\/\"]}]},{\"@type\":\"BreadcrumbList\",\"@id\":\"https:\/\/www.archademy.com.br\/blog\/capacitacao-profissional-para-arquitetos-e-designers-de-interiores-saiba-onde-investir\/#breadcrumb\",\"itemListElement\":[{\"@type\":\"ListItem\",\"position\":1,\"name\":\"In\u00edcio\",\"item\":\"https:\/\/www.archademy.com.br\/blog\/\"},{\"@type\":\"ListItem\",\"position\":2,\"name\":\"Capacita\u00e7\u00e3o profissional para arquitetos e designers de interiores: saiba onde investir\"}]},{\"@type\":\"WebSite\",\"@id\":\"https:\/\/www.archademy.com.br\/blog\/#website\",\"url\":\"https:\/\/www.archademy.com.br\/blog\/\",\"name\":\"Archademy\",\"description\":\"Inova\u00e7\u00e3o Em Arquitetura e Design de Interiores\",\"publisher\":{\"@id\":\"https:\/\/www.archademy.com.br\/blog\/#organization\"},\"potentialAction\":[{\"@type\":\"SearchAction\",\"target\":{\"@type\":\"EntryPoint\",\"urlTemplate\":\"https:\/\/www.archademy.com.br\/blog\/?s={search_term_string}\"},\"query-input\":\"required name=search_term_string\"}],\"inLanguage\":\"pt-BR\"},{\"@type\":\"Organization\",\"@id\":\"https:\/\/www.archademy.com.br\/blog\/#organization\",\"name\":\"Archademy\",\"url\":\"https:\/\/www.archademy.com.br\/blog\/\",\"sameAs\":[],\"logo\":{\"@type\":\"ImageObject\",\"inLanguage\":\"pt-BR\",\"@id\":\"https:\/\/www.archademy.com.br\/blog\/#\/schema\/logo\/image\/\",\"url\":\"https:\/\/www.archademy.com.br\/blog\/wp-content\/uploads\/2019\/06\/archademy-logo-b.png\",\"contentUrl\":\"https:\/\/www.archademy.com.br\/blog\/wp-content\/uploads\/2019\/06\/archademy-logo-b.png\",\"width\":322,\"height\":150,\"caption\":\"Archademy\"},\"image\":{\"@id\":\"https:\/\/www.archademy.com.br\/blog\/#\/schema\/logo\/image\/\"}},{\"@type\":\"Person\",\"@id\":\"https:\/\/www.archademy.com.br\/blog\/#\/schema\/person\/d131b6844bf56ba2aa334dee3461af65\",\"name\":\"ArchaTeam\",\"image\":{\"@type\":\"ImageObject\",\"inLanguage\":\"pt-BR\",\"@id\":\"https:\/\/www.archademy.com.br\/blog\/#\/schema\/person\/image\/\",\"url\":\"https:\/\/www.archademy.com.br\/wp-content\/uploads\/2019\/04\/archa_simbolo-96x96.jpg\",\"contentUrl\":\"https:\/\/www.archademy.com.br\/wp-content\/uploads\/2019\/04\/archa_simbolo-96x96.jpg\",\"caption\":\"ArchaTeam\"},\"description\":\"Equipe @archademy.br\",\"sameAs\":[\"https:\/\/www.instagram.com\/archademy.br\/\"],\"url\":\"https:\/\/www.archademy.com.br\/blog\/author\/archanews\/\"}]}<\/script>\n<!-- \/ Yoast SEO plugin. -->","yoast_head_json":{"title":"Capacita\u00e7\u00e3o profissional para arquitetos e designers de interiores: saiba onde investir - Archademy","robots":{"index":"index","follow":"follow","max-snippet":"max-snippet:-1","max-image-preview":"max-image-preview:large","max-video-preview":"max-video-preview:-1"},"canonical":"https:\/\/www.archademy.com.br\/blog\/capacitacao-profissional-para-arquitetos-e-designers-de-interiores-saiba-onde-investir\/","og_locale":"pt_BR","og_type":"article","og_title":"Capacita\u00e7\u00e3o profissional para arquitetos e designers de interiores: saiba onde investir - Archademy","og_description":"Voc\u00ea sabe por que deve investir\u00a0em capacita\u00e7\u00e3o profissional? A resposta \u00e9 simples: para agregar conhecimento,\u00a0atualizar-se e\u00a0especializar-se. Afinal, essa \u00e9\u00a0a chave para construir sua autoridade como arquiteto ou designer de interiores\u00a0e conquistar\u00a0\u00eaxito na profiss\u00e3o. A Arquitetura e o Design de Interiores s\u00e3o \u00e1reas din\u00e2micas, que evoluem conforme as demandas,\u00a0as mudan\u00e7as comportamentais e os desafios enfrentados pela &hellip; Leia mais \"Capacita\u00e7\u00e3o profissional para arquitetos e designers de interiores: saiba onde investir\"","og_url":"https:\/\/www.archademy.com.br\/blog\/capacitacao-profissional-para-arquitetos-e-designers-de-interiores-saiba-onde-investir\/","og_site_name":"Archademy","article_published_time":"2018-05-08T15:16:41+00:00","og_image":[{"width":2250,"height":1500,"url":"https:\/\/www.archademy.com.br\/blog\/wp-content\/uploads\/2018\/05\/196921-capacitacao-profissional-para-arquitetos-e-designers-de-interiores-saiba-onde-investir.jpeg","type":"image\/jpeg"}],"author":"ArchaTeam","twitter_card":"summary_large_image","twitter_misc":{"Escrito por":"ArchaTeam","Est. tempo de leitura":"6 minutos"},"schema":{"@context":"https:\/\/schema.org","@graph":[{"@type":"Article","@id":"https:\/\/www.archademy.com.br\/blog\/capacitacao-profissional-para-arquitetos-e-designers-de-interiores-saiba-onde-investir\/#article","isPartOf":{"@id":"https:\/\/www.archademy.com.br\/blog\/capacitacao-profissional-para-arquitetos-e-designers-de-interiores-saiba-onde-investir\/"},"author":{"name":"ArchaTeam","@id":"https:\/\/www.archademy.com.br\/blog\/#\/schema\/person\/d131b6844bf56ba2aa334dee3461af65"},"headline":"Capacita\u00e7\u00e3o profissional para arquitetos e designers de interiores: saiba onde investir","datePublished":"2018-05-08T15:16:41+00:00","dateModified":"2018-05-08T15:16:41+00:00","mainEntityOfPage":{"@id":"https:\/\/www.archademy.com.br\/blog\/capacitacao-profissional-para-arquitetos-e-designers-de-interiores-saiba-onde-investir\/"},"wordCount":1260,"commentCount":0,"publisher":{"@id":"https:\/\/www.archademy.com.br\/blog\/#organization"},"articleSection":["Workshop"],"inLanguage":"pt-BR","potentialAction":[{"@type":"CommentAction","name":"Comment","target":["https:\/\/www.archademy.com.br\/blog\/capacitacao-profissional-para-arquitetos-e-designers-de-interiores-saiba-onde-investir\/#respond"]}]},{"@type":"WebPage","@id":"https:\/\/www.archademy.com.br\/blog\/capacitacao-profissional-para-arquitetos-e-designers-de-interiores-saiba-onde-investir\/","url":"https:\/\/www.archademy.com.br\/blog\/capacitacao-profissional-para-arquitetos-e-designers-de-interiores-saiba-onde-investir\/","name":"Capacita\u00e7\u00e3o profissional para arquitetos e designers de interiores: saiba onde investir - Archademy","isPartOf":{"@id":"https:\/\/www.archademy.com.br\/blog\/#website"},"datePublished":"2018-05-08T15:16:41+00:00","dateModified":"2018-05-08T15:16:41+00:00","breadcrumb":{"@id":"https:\/\/www.archademy.com.br\/blog\/capacitacao-profissional-para-arquitetos-e-designers-de-interiores-saiba-onde-investir\/#breadcrumb"},"inLanguage":"pt-BR","potentialAction":[{"@type":"ReadAction","target":["https:\/\/www.archademy.com.br\/blog\/capacitacao-profissional-para-arquitetos-e-designers-de-interiores-saiba-onde-investir\/"]}]},{"@type":"BreadcrumbList","@id":"https:\/\/www.archademy.com.br\/blog\/capacitacao-profissional-para-arquitetos-e-designers-de-interiores-saiba-onde-investir\/#breadcrumb","itemListElement":[{"@type":"ListItem","position":1,"name":"In\u00edcio","item":"https:\/\/www.archademy.com.br\/blog\/"},{"@type":"ListItem","position":2,"name":"Capacita\u00e7\u00e3o profissional para arquitetos e designers de interiores: saiba onde investir"}]},{"@type":"WebSite","@id":"https:\/\/www.archademy.com.br\/blog\/#website","url":"https:\/\/www.archademy.com.br\/blog\/","name":"Archademy","description":"Inova\u00e7\u00e3o Em Arquitetura e Design de Interiores","publisher":{"@id":"https:\/\/www.archademy.com.br\/blog\/#organization"},"potentialAction":[{"@type":"SearchAction","target":{"@type":"EntryPoint","urlTemplate":"https:\/\/www.archademy.com.br\/blog\/?s={search_term_string}"},"query-input":"required name=search_term_string"}],"inLanguage":"pt-BR"},{"@type":"Organization","@id":"https:\/\/www.archademy.com.br\/blog\/#organization","name":"Archademy","url":"https:\/\/www.archademy.com.br\/blog\/","sameAs":[],"logo":{"@type":"ImageObject","inLanguage":"pt-BR","@id":"https:\/\/www.archademy.com.br\/blog\/#\/schema\/logo\/image\/","url":"https:\/\/www.archademy.com.br\/blog\/wp-content\/uploads\/2019\/06\/archademy-logo-b.png","contentUrl":"https:\/\/www.archademy.com.br\/blog\/wp-content\/uploads\/2019\/06\/archademy-logo-b.png","width":322,"height":150,"caption":"Archademy"},"image":{"@id":"https:\/\/www.archademy.com.br\/blog\/#\/schema\/logo\/image\/"}},{"@type":"Person","@id":"https:\/\/www.archademy.com.br\/blog\/#\/schema\/person\/d131b6844bf56ba2aa334dee3461af65","name":"ArchaTeam","image":{"@type":"ImageObject","inLanguage":"pt-BR","@id":"https:\/\/www.archademy.com.br\/blog\/#\/schema\/person\/image\/","url":"https:\/\/www.archademy.com.br\/wp-content\/uploads\/2019\/04\/archa_simbolo-96x96.jpg","contentUrl":"https:\/\/www.archademy.com.br\/wp-content\/uploads\/2019\/04\/archa_simbolo-96x96.jpg","caption":"ArchaTeam"},"description":"Equipe @archademy.br","sameAs":["https:\/\/www.instagram.com\/archademy.br\/"],"url":"https:\/\/www.archademy.com.br\/blog\/author\/archanews\/"}]}},"taxonomies":[{"category_link":"https:\/\/www.archademy.com.br\/blog\/category\/workshop\/","category_name":"Workshop","category_id":11}],"thumbnail_url":"https:\/\/www.archademy.com.br\/blog\/wp-content\/uploads\/2018\/05\/196921-capacitacao-profissional-para-arquitetos-e-designers-de-interiores-saiba-onde-investir-1024x683.jpeg","_links":{"self":[{"href":"https:\/\/www.archademy.com.br\/blog\/wp-json\/wp\/v2\/posts\/539"}],"collection":[{"href":"https:\/\/www.archademy.com.br\/blog\/wp-json\/wp\/v2\/posts"}],"about":[{"href":"https:\/\/www.archademy.com.br\/blog\/wp-json\/wp\/v2\/types\/post"}],"author":[{"embeddable":true,"href":"https:\/\/www.archademy.com.br\/blog\/wp-json\/wp\/v2\/users\/2"}],"replies":[{"embeddable":true,"href":"https:\/\/www.archademy.com.br\/blog\/wp-json\/wp\/v2\/comments?post=539"}],"version-history":[{"count":0,"href":"https:\/\/www.archademy.com.br\/blog\/wp-json\/wp\/v2\/posts\/539\/revisions"}],"wp:featuredmedia":[{"embeddable":true,"href":"https:\/\/www.archademy.com.br\/blog\/wp-json\/wp\/v2\/media\/540"}],"wp:attachment":[{"href":"https:\/\/www.archademy.com.br\/blog\/wp-json\/wp\/v2\/media?parent=539"}],"wp:term":[{"taxonomy":"category","embeddable":true,"href":"https:\/\/www.archademy.com.br\/blog\/wp-json\/wp\/v2\/categories?post=539"},{"taxonomy":"post_tag","embeddable":true,"href":"https:\/\/www.archademy.com.br\/blog\/wp-json\/wp\/v2\/tags?post=539"}],"curies":[{"name":"wp","href":"https:\/\/api.w.org\/{rel}","templated":true}]}}