{"id":550,"date":"2018-05-15T21:01:37","date_gmt":"2018-05-15T21:01:37","guid":{"rendered":"http:\/\/www.archademy.com.br\/blog\/formei-e-agora-veja-como-planejar-a-carreira-e-se-destacar-no-mercado\/"},"modified":"2018-05-15T21:01:37","modified_gmt":"2018-05-15T21:01:37","slug":"formei-e-agora-veja-como-planejar-a-carreira-e-se-destacar-no-mercado","status":"publish","type":"post","link":"https:\/\/www.archademy.com.br\/blog\/formei-e-agora-veja-como-planejar-a-carreira-e-se-destacar-no-mercado\/","title":{"rendered":"Formei, e agora? Veja como planejar a carreira e se destacar no mercado!"},"content":{"rendered":"<p>O mercado de trabalho para os profissionais da arquitetura \u00e9 amplo e est\u00e1 cada vez mais competitivo. Com isso, \u00e9 preciso saber como planejar a carreira e se preparar para atuar como um <a href=\"http:\/\/www.archademy.com.br\/blog\/como-ser-um-bom-arquiteto-confira-7-dicas\/\" target=\"_blank\">arquiteto de sucesso<\/a>.<\/p>\n<p>Muito al\u00e9m de uma boa forma\u00e7\u00e3o acad\u00eamica e vis\u00e3o criativa, \u00e9 preciso apresentar alguns diferenciais para conseguir se destacar na \u00e1rea e transformar seu nome em uma grande refer\u00eancia.<\/p>\n<p>Pensando nisso, preparamos este post com informa\u00e7\u00f5es a respeito do que fazer ap\u00f3s a gradua\u00e7\u00e3o para consolidar sua carreira na \u00e1rea da arquitetura. Fique atento e boa leitura!<\/p>\n<h2>Invista em cursos de especializa\u00e7\u00e3o<\/h2>\n<p>Al\u00e9m da experi\u00eancia pr\u00e1tica, quem quer buscar novos conhecimentos ou aprimorar os obtidos na faculdade precisa procurar por cursos de p\u00f3s-gradua\u00e7\u00e3o ou de especializa\u00e7\u00e3o. Existem diversas op\u00e7\u00f5es lato sensu, stricto sensu e com diferentes focos\u00a0para voc\u00ea escolher.<\/p>\n<h2>Defina uma \u00e1rea de interesse<\/h2>\n<p>Em geral, o rec\u00e9m-formado em Arquitetura \u00e9 um profissional generalista \u2014 ou seja, tem um pouco de conhecimento em cada \u00e1rea. Por\u00e9m, se voc\u00ea deseja tornar-se um profissional especialista \u2014 ou seja, que entende muito de uma \u00e1rea espec\u00edfica \u2014, \u00e9 preciso definir um campo de atua\u00e7\u00e3o.<\/p>\n<p>Hoje, o arquiteto consegue trabalhar em diversas \u00e1reas, como:<\/p>\n<ul>\n<li>urbanismo;<\/li>\n<li>restauro de edif\u00edcios;<\/li>\n<li>especialista em BIM;<\/li>\n<li>designer de imagem 3D;<\/li>\n<li>entre muitas outras.<\/li>\n<\/ul>\n<p>Defina aquela que mais tem a ver com o seu perfil e busque se especializar!<\/p>\n<h2>Tenha experi\u00eancias internacionais<\/h2>\n<p>O mercado est\u00e1 cada vez mais globalizado e experi\u00eancias internacionais s\u00e3o sempre muito bem-vindas no curr\u00edculo. O interc\u00e2mbio permite vivenciar\u00a0novas culturas, conhecer novas hist\u00f3rias e ainda garante a flu\u00eancia em uma segunda (ou terceira) l\u00edngua.<\/p>\n<p>Essa experi\u00eancia ainda \u00e9 capaz de influenciar a sua forma de pensar e criar seus <a href=\"http:\/\/www.archademy.com.br\/blog\/voce-sabe-como-apresentar-um-projeto-com-sucesso-confira\/\" target=\"_blank\">projetos<\/a> e \u00e9 uma oportunidade \u00fanica para quem deseja desenvolver habilidades empreendedoras e planejar a carreira.<\/p>\n<h2>Amplie sua rede de contatos<\/h2>\n<p>Construir um bom networking \u00e9 uma das melhores formas de ser reconhecido e indicado no meio empresarial. Procure participar de <a href=\"https:\/\/www.archathon.com.br\/\" target=\"_blank\">workshops<\/a>, <a href=\"http:\/\/www.archademy.com.br\/blog\/8-eventos-de-arquitetura-e-design-de-interiores-que-voce-nao-pode-perder\/\" target=\"_blank\">eventos<\/a>, palestras, cursos e congressos para conhecer arquitetos atuantes e outros profissionais de \u00e1reas relacionadas, como designers, decoradores e engenheiros.<\/p>\n<p>Aproveite a oportunidade para conversar e tirar suas d\u00favidas sobre o mercado e suas tend\u00eancias,\u00a0aprender com pessoas mais experientes e divulgar o seu portf\u00f3lio. J\u00e1 existem, inclusive, redes sociais voltadas para a comunica\u00e7\u00e3o profissional, como o LinkedIn.<\/p>\n<h2>Seja um profissional sustent\u00e1vel<\/h2>\n<p>Cada vez mais a preocupa\u00e7\u00e3o com o meio ambiente \u00e9 o foco dos projetos sustent\u00e1veis. Cabe ao arquiteto criar projetos que minimizem os impactos na natureza. Para isso, \u00e9 preciso avaliar diversos fatores, como as condi\u00e7\u00f5es clim\u00e1ticas e o ecossistema da regi\u00e3o.<\/p>\n<p>A partir desse momento, o profissional precisa saber promover bem-estar, economia e efici\u00eancia energ\u00e9tica, aproveitando os recursos naturais e desenvolvendo t\u00e9cnicas que demandem menos tempo de execu\u00e7\u00e3o.<\/p>\n<p>Agora que voc\u00ea entendeu como planejar a carreira, n\u00e3o perca tempo e procure aperfei\u00e7oar suas habilidades e o seu estilo. Lembre-se de que para atuar na profiss\u00e3o \u00e9 necess\u00e1rio obter o registro no Conselho de Arquitetura e Urbanismo (CAU) da sua regi\u00e3o.<\/p>\n<p>Se voc\u00ea gostou do nosso conte\u00fado, compartilhe-o em suas redes sociais para que outros colegas tamb\u00e9m possam planejar melhor as suas carreiras!<\/p>\n","protected":false},"excerpt":{"rendered":"<p>O mercado de trabalho para os profissionais da arquitetura \u00e9 amplo e est\u00e1 cada vez mais competitivo. Com isso, \u00e9 preciso saber como planejar a carreira e se preparar para atuar como um arquiteto de sucesso. Muito al\u00e9m de uma boa forma\u00e7\u00e3o acad\u00eamica e vis\u00e3o criativa, \u00e9 preciso apresentar alguns diferenciais para conseguir se destacar &hellip; <\/p>\n<p class=\"link-more\"><a href=\"https:\/\/www.archademy.com.br\/blog\/formei-e-agora-veja-como-planejar-a-carreira-e-se-destacar-no-mercado\/\" class=\"more-link\">Leia mais <span class=\"screen-reader-text\"> &#8220;Formei, e agora? Veja como planejar a carreira e se destacar no mercado!&#8221;<\/span><\/a><\/p>\n","protected":false},"author":2,"featured_media":551,"comment_status":"open","ping_status":"open","sticky":false,"template":"","format":"standard","meta":[],"categories":[10],"tags":[],"yoast_head":"<!-- This site is optimized with the Yoast SEO plugin v19.8 - https:\/\/yoast.com\/wordpress\/plugins\/seo\/ -->\n<title>Formei, e agora? Veja como planejar a carreira e se destacar no mercado! - Archademy<\/title>\n<meta name=\"robots\" content=\"index, follow, max-snippet:-1, max-image-preview:large, max-video-preview:-1\" \/>\n<link rel=\"canonical\" href=\"https:\/\/www.archademy.com.br\/blog\/formei-e-agora-veja-como-planejar-a-carreira-e-se-destacar-no-mercado\/\" \/>\n<meta property=\"og:locale\" content=\"pt_BR\" \/>\n<meta property=\"og:type\" content=\"article\" \/>\n<meta property=\"og:title\" content=\"Formei, e agora? Veja como planejar a carreira e se destacar no mercado! - Archademy\" \/>\n<meta property=\"og:description\" content=\"O mercado de trabalho para os profissionais da arquitetura \u00e9 amplo e est\u00e1 cada vez mais competitivo. Com isso, \u00e9 preciso saber como planejar a carreira e se preparar para atuar como um arquiteto de sucesso. Muito al\u00e9m de uma boa forma\u00e7\u00e3o acad\u00eamica e vis\u00e3o criativa, \u00e9 preciso apresentar alguns diferenciais para conseguir se destacar &hellip; Leia mais &quot;Formei, e agora? Veja como planejar a carreira e se destacar no mercado!&quot;\" \/>\n<meta property=\"og:url\" content=\"https:\/\/www.archademy.com.br\/blog\/formei-e-agora-veja-como-planejar-a-carreira-e-se-destacar-no-mercado\/\" \/>\n<meta property=\"og:site_name\" content=\"Archademy\" \/>\n<meta property=\"article:published_time\" content=\"2018-05-15T21:01:37+00:00\" \/>\n<meta property=\"og:image\" content=\"https:\/\/www.archademy.com.br\/blog\/wp-content\/uploads\/2018\/05\/195407-formei-e-agora-veja-como-planejar-a-carreira-e-se-destacar-no-mercado.jpg\" \/>\n\t<meta property=\"og:image:width\" content=\"2000\" \/>\n\t<meta property=\"og:image:height\" content=\"1333\" \/>\n\t<meta property=\"og:image:type\" content=\"image\/jpeg\" \/>\n<meta name=\"author\" content=\"ArchaTeam\" \/>\n<meta name=\"twitter:card\" content=\"summary_large_image\" \/>\n<meta name=\"twitter:label1\" content=\"Escrito por\" \/>\n\t<meta name=\"twitter:data1\" content=\"ArchaTeam\" \/>\n\t<meta name=\"twitter:label2\" content=\"Est. tempo de leitura\" \/>\n\t<meta name=\"twitter:data2\" content=\"3 minutos\" \/>\n<script type=\"application\/ld+json\" class=\"yoast-schema-graph\">{\"@context\":\"https:\/\/schema.org\",\"@graph\":[{\"@type\":\"Article\",\"@id\":\"https:\/\/www.archademy.com.br\/blog\/formei-e-agora-veja-como-planejar-a-carreira-e-se-destacar-no-mercado\/#article\",\"isPartOf\":{\"@id\":\"https:\/\/www.archademy.com.br\/blog\/formei-e-agora-veja-como-planejar-a-carreira-e-se-destacar-no-mercado\/\"},\"author\":{\"name\":\"ArchaTeam\",\"@id\":\"https:\/\/www.archademy.com.br\/blog\/#\/schema\/person\/d131b6844bf56ba2aa334dee3461af65\"},\"headline\":\"Formei, e agora? Veja como planejar a carreira e se destacar no mercado!\",\"datePublished\":\"2018-05-15T21:01:37+00:00\",\"dateModified\":\"2018-05-15T21:01:37+00:00\",\"mainEntityOfPage\":{\"@id\":\"https:\/\/www.archademy.com.br\/blog\/formei-e-agora-veja-como-planejar-a-carreira-e-se-destacar-no-mercado\/\"},\"wordCount\":567,\"commentCount\":0,\"publisher\":{\"@id\":\"https:\/\/www.archademy.com.br\/blog\/#organization\"},\"articleSection\":[\"Carreira\"],\"inLanguage\":\"pt-BR\",\"potentialAction\":[{\"@type\":\"CommentAction\",\"name\":\"Comment\",\"target\":[\"https:\/\/www.archademy.com.br\/blog\/formei-e-agora-veja-como-planejar-a-carreira-e-se-destacar-no-mercado\/#respond\"]}]},{\"@type\":\"WebPage\",\"@id\":\"https:\/\/www.archademy.com.br\/blog\/formei-e-agora-veja-como-planejar-a-carreira-e-se-destacar-no-mercado\/\",\"url\":\"https:\/\/www.archademy.com.br\/blog\/formei-e-agora-veja-como-planejar-a-carreira-e-se-destacar-no-mercado\/\",\"name\":\"Formei, e agora? Veja como planejar a carreira e se destacar no mercado! - Archademy\",\"isPartOf\":{\"@id\":\"https:\/\/www.archademy.com.br\/blog\/#website\"},\"datePublished\":\"2018-05-15T21:01:37+00:00\",\"dateModified\":\"2018-05-15T21:01:37+00:00\",\"breadcrumb\":{\"@id\":\"https:\/\/www.archademy.com.br\/blog\/formei-e-agora-veja-como-planejar-a-carreira-e-se-destacar-no-mercado\/#breadcrumb\"},\"inLanguage\":\"pt-BR\",\"potentialAction\":[{\"@type\":\"ReadAction\",\"target\":[\"https:\/\/www.archademy.com.br\/blog\/formei-e-agora-veja-como-planejar-a-carreira-e-se-destacar-no-mercado\/\"]}]},{\"@type\":\"BreadcrumbList\",\"@id\":\"https:\/\/www.archademy.com.br\/blog\/formei-e-agora-veja-como-planejar-a-carreira-e-se-destacar-no-mercado\/#breadcrumb\",\"itemListElement\":[{\"@type\":\"ListItem\",\"position\":1,\"name\":\"In\u00edcio\",\"item\":\"https:\/\/www.archademy.com.br\/blog\/\"},{\"@type\":\"ListItem\",\"position\":2,\"name\":\"Formei, e agora? Veja como planejar a carreira e se destacar no mercado!\"}]},{\"@type\":\"WebSite\",\"@id\":\"https:\/\/www.archademy.com.br\/blog\/#website\",\"url\":\"https:\/\/www.archademy.com.br\/blog\/\",\"name\":\"Archademy\",\"description\":\"Inova\u00e7\u00e3o Em Arquitetura e Design de Interiores\",\"publisher\":{\"@id\":\"https:\/\/www.archademy.com.br\/blog\/#organization\"},\"potentialAction\":[{\"@type\":\"SearchAction\",\"target\":{\"@type\":\"EntryPoint\",\"urlTemplate\":\"https:\/\/www.archademy.com.br\/blog\/?s={search_term_string}\"},\"query-input\":\"required name=search_term_string\"}],\"inLanguage\":\"pt-BR\"},{\"@type\":\"Organization\",\"@id\":\"https:\/\/www.archademy.com.br\/blog\/#organization\",\"name\":\"Archademy\",\"url\":\"https:\/\/www.archademy.com.br\/blog\/\",\"sameAs\":[],\"logo\":{\"@type\":\"ImageObject\",\"inLanguage\":\"pt-BR\",\"@id\":\"https:\/\/www.archademy.com.br\/blog\/#\/schema\/logo\/image\/\",\"url\":\"https:\/\/www.archademy.com.br\/blog\/wp-content\/uploads\/2019\/06\/archademy-logo-b.png\",\"contentUrl\":\"https:\/\/www.archademy.com.br\/blog\/wp-content\/uploads\/2019\/06\/archademy-logo-b.png\",\"width\":322,\"height\":150,\"caption\":\"Archademy\"},\"image\":{\"@id\":\"https:\/\/www.archademy.com.br\/blog\/#\/schema\/logo\/image\/\"}},{\"@type\":\"Person\",\"@id\":\"https:\/\/www.archademy.com.br\/blog\/#\/schema\/person\/d131b6844bf56ba2aa334dee3461af65\",\"name\":\"ArchaTeam\",\"image\":{\"@type\":\"ImageObject\",\"inLanguage\":\"pt-BR\",\"@id\":\"https:\/\/www.archademy.com.br\/blog\/#\/schema\/person\/image\/\",\"url\":\"https:\/\/www.archademy.com.br\/wp-content\/uploads\/2019\/04\/archa_simbolo-96x96.jpg\",\"contentUrl\":\"https:\/\/www.archademy.com.br\/wp-content\/uploads\/2019\/04\/archa_simbolo-96x96.jpg\",\"caption\":\"ArchaTeam\"},\"description\":\"Equipe @archademy.br\",\"sameAs\":[\"https:\/\/www.instagram.com\/archademy.br\/\"],\"url\":\"https:\/\/www.archademy.com.br\/blog\/author\/archanews\/\"}]}<\/script>\n<!-- \/ Yoast SEO plugin. -->","yoast_head_json":{"title":"Formei, e agora? Veja como planejar a carreira e se destacar no mercado! - Archademy","robots":{"index":"index","follow":"follow","max-snippet":"max-snippet:-1","max-image-preview":"max-image-preview:large","max-video-preview":"max-video-preview:-1"},"canonical":"https:\/\/www.archademy.com.br\/blog\/formei-e-agora-veja-como-planejar-a-carreira-e-se-destacar-no-mercado\/","og_locale":"pt_BR","og_type":"article","og_title":"Formei, e agora? Veja como planejar a carreira e se destacar no mercado! - Archademy","og_description":"O mercado de trabalho para os profissionais da arquitetura \u00e9 amplo e est\u00e1 cada vez mais competitivo. Com isso, \u00e9 preciso saber como planejar a carreira e se preparar para atuar como um arquiteto de sucesso. Muito al\u00e9m de uma boa forma\u00e7\u00e3o acad\u00eamica e vis\u00e3o criativa, \u00e9 preciso apresentar alguns diferenciais para conseguir se destacar &hellip; Leia mais \"Formei, e agora? Veja como planejar a carreira e se destacar no mercado!\"","og_url":"https:\/\/www.archademy.com.br\/blog\/formei-e-agora-veja-como-planejar-a-carreira-e-se-destacar-no-mercado\/","og_site_name":"Archademy","article_published_time":"2018-05-15T21:01:37+00:00","og_image":[{"width":2000,"height":1333,"url":"https:\/\/www.archademy.com.br\/blog\/wp-content\/uploads\/2018\/05\/195407-formei-e-agora-veja-como-planejar-a-carreira-e-se-destacar-no-mercado.jpg","type":"image\/jpeg"}],"author":"ArchaTeam","twitter_card":"summary_large_image","twitter_misc":{"Escrito por":"ArchaTeam","Est. tempo de leitura":"3 minutos"},"schema":{"@context":"https:\/\/schema.org","@graph":[{"@type":"Article","@id":"https:\/\/www.archademy.com.br\/blog\/formei-e-agora-veja-como-planejar-a-carreira-e-se-destacar-no-mercado\/#article","isPartOf":{"@id":"https:\/\/www.archademy.com.br\/blog\/formei-e-agora-veja-como-planejar-a-carreira-e-se-destacar-no-mercado\/"},"author":{"name":"ArchaTeam","@id":"https:\/\/www.archademy.com.br\/blog\/#\/schema\/person\/d131b6844bf56ba2aa334dee3461af65"},"headline":"Formei, e agora? Veja como planejar a carreira e se destacar no mercado!","datePublished":"2018-05-15T21:01:37+00:00","dateModified":"2018-05-15T21:01:37+00:00","mainEntityOfPage":{"@id":"https:\/\/www.archademy.com.br\/blog\/formei-e-agora-veja-como-planejar-a-carreira-e-se-destacar-no-mercado\/"},"wordCount":567,"commentCount":0,"publisher":{"@id":"https:\/\/www.archademy.com.br\/blog\/#organization"},"articleSection":["Carreira"],"inLanguage":"pt-BR","potentialAction":[{"@type":"CommentAction","name":"Comment","target":["https:\/\/www.archademy.com.br\/blog\/formei-e-agora-veja-como-planejar-a-carreira-e-se-destacar-no-mercado\/#respond"]}]},{"@type":"WebPage","@id":"https:\/\/www.archademy.com.br\/blog\/formei-e-agora-veja-como-planejar-a-carreira-e-se-destacar-no-mercado\/","url":"https:\/\/www.archademy.com.br\/blog\/formei-e-agora-veja-como-planejar-a-carreira-e-se-destacar-no-mercado\/","name":"Formei, e agora? Veja como planejar a carreira e se destacar no mercado! - Archademy","isPartOf":{"@id":"https:\/\/www.archademy.com.br\/blog\/#website"},"datePublished":"2018-05-15T21:01:37+00:00","dateModified":"2018-05-15T21:01:37+00:00","breadcrumb":{"@id":"https:\/\/www.archademy.com.br\/blog\/formei-e-agora-veja-como-planejar-a-carreira-e-se-destacar-no-mercado\/#breadcrumb"},"inLanguage":"pt-BR","potentialAction":[{"@type":"ReadAction","target":["https:\/\/www.archademy.com.br\/blog\/formei-e-agora-veja-como-planejar-a-carreira-e-se-destacar-no-mercado\/"]}]},{"@type":"BreadcrumbList","@id":"https:\/\/www.archademy.com.br\/blog\/formei-e-agora-veja-como-planejar-a-carreira-e-se-destacar-no-mercado\/#breadcrumb","itemListElement":[{"@type":"ListItem","position":1,"name":"In\u00edcio","item":"https:\/\/www.archademy.com.br\/blog\/"},{"@type":"ListItem","position":2,"name":"Formei, e agora? Veja como planejar a carreira e se destacar no mercado!"}]},{"@type":"WebSite","@id":"https:\/\/www.archademy.com.br\/blog\/#website","url":"https:\/\/www.archademy.com.br\/blog\/","name":"Archademy","description":"Inova\u00e7\u00e3o Em Arquitetura e Design de Interiores","publisher":{"@id":"https:\/\/www.archademy.com.br\/blog\/#organization"},"potentialAction":[{"@type":"SearchAction","target":{"@type":"EntryPoint","urlTemplate":"https:\/\/www.archademy.com.br\/blog\/?s={search_term_string}"},"query-input":"required name=search_term_string"}],"inLanguage":"pt-BR"},{"@type":"Organization","@id":"https:\/\/www.archademy.com.br\/blog\/#organization","name":"Archademy","url":"https:\/\/www.archademy.com.br\/blog\/","sameAs":[],"logo":{"@type":"ImageObject","inLanguage":"pt-BR","@id":"https:\/\/www.archademy.com.br\/blog\/#\/schema\/logo\/image\/","url":"https:\/\/www.archademy.com.br\/blog\/wp-content\/uploads\/2019\/06\/archademy-logo-b.png","contentUrl":"https:\/\/www.archademy.com.br\/blog\/wp-content\/uploads\/2019\/06\/archademy-logo-b.png","width":322,"height":150,"caption":"Archademy"},"image":{"@id":"https:\/\/www.archademy.com.br\/blog\/#\/schema\/logo\/image\/"}},{"@type":"Person","@id":"https:\/\/www.archademy.com.br\/blog\/#\/schema\/person\/d131b6844bf56ba2aa334dee3461af65","name":"ArchaTeam","image":{"@type":"ImageObject","inLanguage":"pt-BR","@id":"https:\/\/www.archademy.com.br\/blog\/#\/schema\/person\/image\/","url":"https:\/\/www.archademy.com.br\/wp-content\/uploads\/2019\/04\/archa_simbolo-96x96.jpg","contentUrl":"https:\/\/www.archademy.com.br\/wp-content\/uploads\/2019\/04\/archa_simbolo-96x96.jpg","caption":"ArchaTeam"},"description":"Equipe @archademy.br","sameAs":["https:\/\/www.instagram.com\/archademy.br\/"],"url":"https:\/\/www.archademy.com.br\/blog\/author\/archanews\/"}]}},"taxonomies":[{"category_link":"https:\/\/www.archademy.com.br\/blog\/category\/carreira\/","category_name":"Carreira","category_id":10}],"thumbnail_url":"https:\/\/www.archademy.com.br\/blog\/wp-content\/uploads\/2018\/05\/195407-formei-e-agora-veja-como-planejar-a-carreira-e-se-destacar-no-mercado-1024x682.jpg","_links":{"self":[{"href":"https:\/\/www.archademy.com.br\/blog\/wp-json\/wp\/v2\/posts\/550"}],"collection":[{"href":"https:\/\/www.archademy.com.br\/blog\/wp-json\/wp\/v2\/posts"}],"about":[{"href":"https:\/\/www.archademy.com.br\/blog\/wp-json\/wp\/v2\/types\/post"}],"author":[{"embeddable":true,"href":"https:\/\/www.archademy.com.br\/blog\/wp-json\/wp\/v2\/users\/2"}],"replies":[{"embeddable":true,"href":"https:\/\/www.archademy.com.br\/blog\/wp-json\/wp\/v2\/comments?post=550"}],"version-history":[{"count":0,"href":"https:\/\/www.archademy.com.br\/blog\/wp-json\/wp\/v2\/posts\/550\/revisions"}],"wp:featuredmedia":[{"embeddable":true,"href":"https:\/\/www.archademy.com.br\/blog\/wp-json\/wp\/v2\/media\/551"}],"wp:attachment":[{"href":"https:\/\/www.archademy.com.br\/blog\/wp-json\/wp\/v2\/media?parent=550"}],"wp:term":[{"taxonomy":"category","embeddable":true,"href":"https:\/\/www.archademy.com.br\/blog\/wp-json\/wp\/v2\/categories?post=550"},{"taxonomy":"post_tag","embeddable":true,"href":"https:\/\/www.archademy.com.br\/blog\/wp-json\/wp\/v2\/tags?post=550"}],"curies":[{"name":"wp","href":"https:\/\/api.w.org\/{rel}","templated":true}]}}