{"id":5641,"date":"2019-09-13T16:59:30","date_gmt":"2019-09-13T19:59:30","guid":{"rendered":"http:\/\/www.archademy.com.br\/blog\/?p=5641"},"modified":"2019-09-16T15:08:07","modified_gmt":"2019-09-16T18:08:07","slug":"archathon-gabriel-2019","status":"publish","type":"post","link":"https:\/\/www.archademy.com.br\/blog\/archathon-gabriel-2019\/","title":{"rendered":"Workshop para Arquitetos e Designers oferece como pr\u00eamio viagem para It\u00e1lia e programa de acelera\u00e7\u00e3o"},"content":{"rendered":"<h3><span style=\"font-weight: 400;\">No Archathon, o desafio \u00e9 projetar um ambiente\u00a0<\/span><span style=\"font-weight: 400;\">em menos de 24 horas.\u00a0<\/span><\/h3>\n<p><span style=\"font-weight: 400;\">Nos dias 04 e 05 de outubro o Archathon, maior workshop Arch&amp;Design das Am\u00e9ricas, est\u00e1 de volta \u00e0 Al. Gabriel Monteiro da Silva, meca da decora\u00e7\u00e3o em S\u00e3o Paulo, com a by Kamy e Technogym como anfitri\u00e3s. Com dura\u00e7\u00e3o de 2 dias, o evento promove conte\u00fado, pr\u00e1tica profissional e networking entre participantes e marcas parceiras do evento. O desafio \u00e9 projetar um ambiente de interiores com os produtos dos patrocinadores do workshop. Os autores do melhor projeto conquistam uma viagem para It\u00e1lia, com uma experi\u00eancia wellness design da Technogym, e mais 1 ano na Archademy, primeira aceleradora para escrit\u00f3rios de Arquitetura e Design de Interiores do mundo. Podem participar arquitetos e designers de interiores formados. Inscri\u00e7\u00f5es pelo link <\/span><strong><a href=\"http:\/\/bit.ly\/SaibaMaisArchathonGabriel2019\">http:\/\/bit.ly\/SaibaMaisArchathonGabriel2019<\/a><\/strong><span style=\"font-weight: 400;\"> at\u00e9 o dia 31\/09\/2019.\u00a0\u00a0<\/span><\/p>\n<p><b>Como funciona o workshop?\u00a0<\/b><\/p>\n<p><span style=\"font-weight: 400;\">A primeira etapa \u00e9 a classifica\u00e7\u00e3o. Para participar, os profissionais precisam formar um grupo de 2 integrantes e enviar um portf\u00f3lio para avalia\u00e7\u00e3o de uma Comiss\u00e3o de Curadores. Os 30 melhores grupos s\u00e3o selecionados para participar do preparat\u00f3rio online mais 2 dias de workshop que conta com o investimento das marcas by Kamy, Technogym, Samsung, Suvinil e Portobello.\u00a0<\/span><\/p>\n<p><span style=\"font-weight: 400;\">Iniciado o cron\u00f4metro, no dia 04\/10, os grupos tem cerca de 12 horas para concluir a miss\u00e3o: projetar um ambiente de interiores. Durante o Archathon, v\u00e1rias surpresas e ativa\u00e7\u00f5es para animar a competi\u00e7\u00e3o. Os participantes tamb\u00e9m contam com a ajuda de Mentores, profissionais renomados do mercado. Nessa edi\u00e7\u00e3o,\u00a0 Arquitetura Gui Mattos, Studio Guilherme Torres, Terra e Tuma, Paula Magnani, Denise Barretto e J\u00f3ia B\u00e9rgamo j\u00e1 est\u00e3o confirmados.\u00a0<\/span><\/p>\n<p><span style=\"font-weight: 400;\">No \u00faltimo dia os participantes fazem uma apresenta\u00e7\u00e3o de 5 minutos para uma banca de mentores, que escolhe 12 finalistas. Em seguida, os finalistas apresentam o projeto elaborado para uma Comiss\u00e3o Julgadora, que j\u00e1 conta com a presen\u00e7a de profissionais super renomados, entre eles Francesca Francesca Alzati, arquiteta e designer, Diretora de Identidade da by Kamy e Ruben Nieto, Managing Director da Technogym.\u00a0<\/span><\/p>\n<p><strong>Agenda do evento:\u00a0<\/strong><br \/>\n<span style=\"font-weight: 400;\">04\/10 (SEXTA-FEIRA) 9:00h \u00e0s 21:00h | Workshop de Criatividade<\/span><br \/>\n<span style=\"font-weight: 400;\">Local: by Kamy | Alameda Gabriel Monteiro da Silva, 1147\u00a0<\/span><br \/>\n<span style=\"font-weight: 400;\">05\/10 (S\u00c1BADO) 15:00h \u00e0s 19:00h | ArchaTrial (Seletiva dos Mentores + Apresenta\u00e7\u00f5es para Comiss\u00e3o Julgadora e Escolha do vencedor)<\/span><br \/>\n<span style=\"font-weight: 400;\">Local: Technogym | Alameda Gabriel Monteiro da Silva, 1158\u00a0<\/span><\/p>\n<p>Ficou interessado? Ent\u00e3o n\u00e3o perca tempo e inscreva-se ja: <strong><a href=\"http:\/\/bit.ly\/SaibaMaisArchathonGabriel2019\">http:\/\/bit.ly\/SaibaMaisArchathonGabriel2019<\/a><\/strong><span style=\"font-weight: 400;\"> at\u00e9 o dia 31\/09\/2019.\u00a0\u00a0<\/span><\/p>\n<p><b>Sobre a Archademy<\/b><br \/>\n<span style=\"font-weight: 400;\">A Archademy \u00e9 a maior organiza\u00e7\u00e3o de apoio a escrit\u00f3rios de Arquitetura e Design de Interiores de alto potencial. Para atingir seus objetivos a empresa tem uma aceleradora para escrit\u00f3rios do segmento; o ArchaBox, um CRM para Arquitetos e Designers de Interiores; e promove eventos como o Archathon, o maior workshop Arch&amp;Design das Am\u00e9ricas, que j\u00e1 ganhou pr\u00eamios e al\u00e7ou \u00e0 fama mais de 40 jovens escrit\u00f3rios de Arquitetura e Design, e o Archaday: maior showcase Arch&amp;Design do pa\u00eds, que j\u00e1 rodou mais de 13 cidades brasileiras.\u00a0<\/span><\/p>\n<p><span style=\"font-weight: 400;\">Informa\u00e7\u00f5es para imprensa<\/span><br \/>\nanaborges@compliancecomunicacao.com.br<br \/>\n<span style=\"font-weight: 400;\">11 99388-6381<\/span><\/p>\n","protected":false},"excerpt":{"rendered":"<p>No Archathon, o desafio \u00e9 projetar um ambiente\u00a0em menos de 24 horas.\u00a0 Nos dias 04 e 05 de outubro o Archathon, maior workshop Arch&amp;Design das Am\u00e9ricas, est\u00e1 de volta \u00e0 Al. Gabriel Monteiro da Silva, meca da decora\u00e7\u00e3o em S\u00e3o Paulo, com a by Kamy e Technogym como anfitri\u00e3s. Com dura\u00e7\u00e3o de 2 dias, o &hellip; <\/p>\n<p class=\"link-more\"><a href=\"https:\/\/www.archademy.com.br\/blog\/archathon-gabriel-2019\/\" class=\"more-link\">Leia mais <span class=\"screen-reader-text\"> &#8220;Workshop para Arquitetos e Designers oferece como pr\u00eamio viagem para It\u00e1lia e programa de acelera\u00e7\u00e3o&#8221;<\/span><\/a><\/p>\n","protected":false},"author":2,"featured_media":5642,"comment_status":"open","ping_status":"open","sticky":false,"template":"","format":"standard","meta":[],"categories":[36,75],"tags":[],"yoast_head":"<!-- This site is optimized with the Yoast SEO plugin v19.8 - https:\/\/yoast.com\/wordpress\/plugins\/seo\/ -->\n<title>Workshop para Arquitetos e Designers oferece como pr\u00eamio viagem para It\u00e1lia e programa de acelera\u00e7\u00e3o - Archademy<\/title>\n<meta name=\"description\" content=\"No Archathon, o desafio \u00e9 projetar um ambiente\u00a0em menos de 24 horas. Inscri\u00e7\u00f5es at\u00e9 30\/09.\" \/>\n<meta name=\"robots\" content=\"index, follow, max-snippet:-1, max-image-preview:large, max-video-preview:-1\" \/>\n<link rel=\"canonical\" href=\"https:\/\/www.archademy.com.br\/blog\/archathon-gabriel-2019\/\" \/>\n<meta property=\"og:locale\" content=\"pt_BR\" \/>\n<meta property=\"og:type\" content=\"article\" \/>\n<meta property=\"og:title\" content=\"Workshop para Arquitetos e Designers oferece como pr\u00eamio viagem para It\u00e1lia e programa de acelera\u00e7\u00e3o - Archademy\" \/>\n<meta property=\"og:description\" content=\"No Archathon, o desafio \u00e9 projetar um ambiente\u00a0em menos de 24 horas. Inscri\u00e7\u00f5es at\u00e9 30\/09.\" \/>\n<meta property=\"og:url\" content=\"https:\/\/www.archademy.com.br\/blog\/archathon-gabriel-2019\/\" \/>\n<meta property=\"og:site_name\" content=\"Archademy\" \/>\n<meta property=\"article:published_time\" content=\"2019-09-13T19:59:30+00:00\" \/>\n<meta property=\"article:modified_time\" content=\"2019-09-16T18:08:07+00:00\" \/>\n<meta property=\"og:image\" content=\"https:\/\/www.archademy.com.br\/blog\/wp-content\/uploads\/2019\/09\/archathon-70.jpg\" \/>\n\t<meta property=\"og:image:width\" content=\"1500\" \/>\n\t<meta property=\"og:image:height\" content=\"1001\" \/>\n\t<meta property=\"og:image:type\" content=\"image\/jpeg\" \/>\n<meta name=\"author\" content=\"ArchaTeam\" \/>\n<meta name=\"twitter:card\" content=\"summary_large_image\" \/>\n<meta name=\"twitter:label1\" content=\"Escrito por\" \/>\n\t<meta name=\"twitter:data1\" content=\"ArchaTeam\" \/>\n\t<meta name=\"twitter:label2\" content=\"Est. tempo de leitura\" \/>\n\t<meta name=\"twitter:data2\" content=\"3 minutos\" \/>\n<script type=\"application\/ld+json\" class=\"yoast-schema-graph\">{\"@context\":\"https:\/\/schema.org\",\"@graph\":[{\"@type\":\"Article\",\"@id\":\"https:\/\/www.archademy.com.br\/blog\/archathon-gabriel-2019\/#article\",\"isPartOf\":{\"@id\":\"https:\/\/www.archademy.com.br\/blog\/archathon-gabriel-2019\/\"},\"author\":{\"name\":\"ArchaTeam\",\"@id\":\"https:\/\/www.archademy.com.br\/blog\/#\/schema\/person\/d131b6844bf56ba2aa334dee3461af65\"},\"headline\":\"Workshop para Arquitetos e Designers oferece como pr\u00eamio viagem para It\u00e1lia e programa de acelera\u00e7\u00e3o\",\"datePublished\":\"2019-09-13T19:59:30+00:00\",\"dateModified\":\"2019-09-16T18:08:07+00:00\",\"mainEntityOfPage\":{\"@id\":\"https:\/\/www.archademy.com.br\/blog\/archathon-gabriel-2019\/\"},\"wordCount\":533,\"commentCount\":0,\"publisher\":{\"@id\":\"https:\/\/www.archademy.com.br\/blog\/#organization\"},\"articleSection\":[\"Destaques\",\"Eventos\"],\"inLanguage\":\"pt-BR\",\"potentialAction\":[{\"@type\":\"CommentAction\",\"name\":\"Comment\",\"target\":[\"https:\/\/www.archademy.com.br\/blog\/archathon-gabriel-2019\/#respond\"]}]},{\"@type\":\"WebPage\",\"@id\":\"https:\/\/www.archademy.com.br\/blog\/archathon-gabriel-2019\/\",\"url\":\"https:\/\/www.archademy.com.br\/blog\/archathon-gabriel-2019\/\",\"name\":\"Workshop para Arquitetos e Designers oferece como pr\u00eamio viagem para It\u00e1lia e programa de acelera\u00e7\u00e3o - Archademy\",\"isPartOf\":{\"@id\":\"https:\/\/www.archademy.com.br\/blog\/#website\"},\"datePublished\":\"2019-09-13T19:59:30+00:00\",\"dateModified\":\"2019-09-16T18:08:07+00:00\",\"description\":\"No Archathon, o desafio \u00e9 projetar um ambiente\u00a0em menos de 24 horas. Inscri\u00e7\u00f5es at\u00e9 30\/09.\",\"breadcrumb\":{\"@id\":\"https:\/\/www.archademy.com.br\/blog\/archathon-gabriel-2019\/#breadcrumb\"},\"inLanguage\":\"pt-BR\",\"potentialAction\":[{\"@type\":\"ReadAction\",\"target\":[\"https:\/\/www.archademy.com.br\/blog\/archathon-gabriel-2019\/\"]}]},{\"@type\":\"BreadcrumbList\",\"@id\":\"https:\/\/www.archademy.com.br\/blog\/archathon-gabriel-2019\/#breadcrumb\",\"itemListElement\":[{\"@type\":\"ListItem\",\"position\":1,\"name\":\"In\u00edcio\",\"item\":\"https:\/\/www.archademy.com.br\/blog\/\"},{\"@type\":\"ListItem\",\"position\":2,\"name\":\"Workshop para Arquitetos e Designers oferece como pr\u00eamio viagem para It\u00e1lia e programa de acelera\u00e7\u00e3o\"}]},{\"@type\":\"WebSite\",\"@id\":\"https:\/\/www.archademy.com.br\/blog\/#website\",\"url\":\"https:\/\/www.archademy.com.br\/blog\/\",\"name\":\"Archademy\",\"description\":\"Inova\u00e7\u00e3o Em Arquitetura e Design de Interiores\",\"publisher\":{\"@id\":\"https:\/\/www.archademy.com.br\/blog\/#organization\"},\"potentialAction\":[{\"@type\":\"SearchAction\",\"target\":{\"@type\":\"EntryPoint\",\"urlTemplate\":\"https:\/\/www.archademy.com.br\/blog\/?s={search_term_string}\"},\"query-input\":\"required name=search_term_string\"}],\"inLanguage\":\"pt-BR\"},{\"@type\":\"Organization\",\"@id\":\"https:\/\/www.archademy.com.br\/blog\/#organization\",\"name\":\"Archademy\",\"url\":\"https:\/\/www.archademy.com.br\/blog\/\",\"sameAs\":[],\"logo\":{\"@type\":\"ImageObject\",\"inLanguage\":\"pt-BR\",\"@id\":\"https:\/\/www.archademy.com.br\/blog\/#\/schema\/logo\/image\/\",\"url\":\"https:\/\/www.archademy.com.br\/blog\/wp-content\/uploads\/2019\/06\/archademy-logo-b.png\",\"contentUrl\":\"https:\/\/www.archademy.com.br\/blog\/wp-content\/uploads\/2019\/06\/archademy-logo-b.png\",\"width\":322,\"height\":150,\"caption\":\"Archademy\"},\"image\":{\"@id\":\"https:\/\/www.archademy.com.br\/blog\/#\/schema\/logo\/image\/\"}},{\"@type\":\"Person\",\"@id\":\"https:\/\/www.archademy.com.br\/blog\/#\/schema\/person\/d131b6844bf56ba2aa334dee3461af65\",\"name\":\"ArchaTeam\",\"image\":{\"@type\":\"ImageObject\",\"inLanguage\":\"pt-BR\",\"@id\":\"https:\/\/www.archademy.com.br\/blog\/#\/schema\/person\/image\/\",\"url\":\"https:\/\/www.archademy.com.br\/wp-content\/uploads\/2019\/04\/archa_simbolo-96x96.jpg\",\"contentUrl\":\"https:\/\/www.archademy.com.br\/wp-content\/uploads\/2019\/04\/archa_simbolo-96x96.jpg\",\"caption\":\"ArchaTeam\"},\"description\":\"Equipe @archademy.br\",\"sameAs\":[\"https:\/\/www.instagram.com\/archademy.br\/\"],\"url\":\"https:\/\/www.archademy.com.br\/blog\/author\/archanews\/\"}]}<\/script>\n<!-- \/ Yoast SEO plugin. -->","yoast_head_json":{"title":"Workshop para Arquitetos e Designers oferece como pr\u00eamio viagem para It\u00e1lia e programa de acelera\u00e7\u00e3o - Archademy","description":"No Archathon, o desafio \u00e9 projetar um ambiente\u00a0em menos de 24 horas. Inscri\u00e7\u00f5es at\u00e9 30\/09.","robots":{"index":"index","follow":"follow","max-snippet":"max-snippet:-1","max-image-preview":"max-image-preview:large","max-video-preview":"max-video-preview:-1"},"canonical":"https:\/\/www.archademy.com.br\/blog\/archathon-gabriel-2019\/","og_locale":"pt_BR","og_type":"article","og_title":"Workshop para Arquitetos e Designers oferece como pr\u00eamio viagem para It\u00e1lia e programa de acelera\u00e7\u00e3o - Archademy","og_description":"No Archathon, o desafio \u00e9 projetar um ambiente\u00a0em menos de 24 horas. Inscri\u00e7\u00f5es at\u00e9 30\/09.","og_url":"https:\/\/www.archademy.com.br\/blog\/archathon-gabriel-2019\/","og_site_name":"Archademy","article_published_time":"2019-09-13T19:59:30+00:00","article_modified_time":"2019-09-16T18:08:07+00:00","og_image":[{"width":1500,"height":1001,"url":"https:\/\/www.archademy.com.br\/blog\/wp-content\/uploads\/2019\/09\/archathon-70.jpg","type":"image\/jpeg"}],"author":"ArchaTeam","twitter_card":"summary_large_image","twitter_misc":{"Escrito por":"ArchaTeam","Est. tempo de leitura":"3 minutos"},"schema":{"@context":"https:\/\/schema.org","@graph":[{"@type":"Article","@id":"https:\/\/www.archademy.com.br\/blog\/archathon-gabriel-2019\/#article","isPartOf":{"@id":"https:\/\/www.archademy.com.br\/blog\/archathon-gabriel-2019\/"},"author":{"name":"ArchaTeam","@id":"https:\/\/www.archademy.com.br\/blog\/#\/schema\/person\/d131b6844bf56ba2aa334dee3461af65"},"headline":"Workshop para Arquitetos e Designers oferece como pr\u00eamio viagem para It\u00e1lia e programa de acelera\u00e7\u00e3o","datePublished":"2019-09-13T19:59:30+00:00","dateModified":"2019-09-16T18:08:07+00:00","mainEntityOfPage":{"@id":"https:\/\/www.archademy.com.br\/blog\/archathon-gabriel-2019\/"},"wordCount":533,"commentCount":0,"publisher":{"@id":"https:\/\/www.archademy.com.br\/blog\/#organization"},"articleSection":["Destaques","Eventos"],"inLanguage":"pt-BR","potentialAction":[{"@type":"CommentAction","name":"Comment","target":["https:\/\/www.archademy.com.br\/blog\/archathon-gabriel-2019\/#respond"]}]},{"@type":"WebPage","@id":"https:\/\/www.archademy.com.br\/blog\/archathon-gabriel-2019\/","url":"https:\/\/www.archademy.com.br\/blog\/archathon-gabriel-2019\/","name":"Workshop para Arquitetos e Designers oferece como pr\u00eamio viagem para It\u00e1lia e programa de acelera\u00e7\u00e3o - Archademy","isPartOf":{"@id":"https:\/\/www.archademy.com.br\/blog\/#website"},"datePublished":"2019-09-13T19:59:30+00:00","dateModified":"2019-09-16T18:08:07+00:00","description":"No Archathon, o desafio \u00e9 projetar um ambiente\u00a0em menos de 24 horas. Inscri\u00e7\u00f5es at\u00e9 30\/09.","breadcrumb":{"@id":"https:\/\/www.archademy.com.br\/blog\/archathon-gabriel-2019\/#breadcrumb"},"inLanguage":"pt-BR","potentialAction":[{"@type":"ReadAction","target":["https:\/\/www.archademy.com.br\/blog\/archathon-gabriel-2019\/"]}]},{"@type":"BreadcrumbList","@id":"https:\/\/www.archademy.com.br\/blog\/archathon-gabriel-2019\/#breadcrumb","itemListElement":[{"@type":"ListItem","position":1,"name":"In\u00edcio","item":"https:\/\/www.archademy.com.br\/blog\/"},{"@type":"ListItem","position":2,"name":"Workshop para Arquitetos e Designers oferece como pr\u00eamio viagem para It\u00e1lia e programa de acelera\u00e7\u00e3o"}]},{"@type":"WebSite","@id":"https:\/\/www.archademy.com.br\/blog\/#website","url":"https:\/\/www.archademy.com.br\/blog\/","name":"Archademy","description":"Inova\u00e7\u00e3o Em Arquitetura e Design de Interiores","publisher":{"@id":"https:\/\/www.archademy.com.br\/blog\/#organization"},"potentialAction":[{"@type":"SearchAction","target":{"@type":"EntryPoint","urlTemplate":"https:\/\/www.archademy.com.br\/blog\/?s={search_term_string}"},"query-input":"required name=search_term_string"}],"inLanguage":"pt-BR"},{"@type":"Organization","@id":"https:\/\/www.archademy.com.br\/blog\/#organization","name":"Archademy","url":"https:\/\/www.archademy.com.br\/blog\/","sameAs":[],"logo":{"@type":"ImageObject","inLanguage":"pt-BR","@id":"https:\/\/www.archademy.com.br\/blog\/#\/schema\/logo\/image\/","url":"https:\/\/www.archademy.com.br\/blog\/wp-content\/uploads\/2019\/06\/archademy-logo-b.png","contentUrl":"https:\/\/www.archademy.com.br\/blog\/wp-content\/uploads\/2019\/06\/archademy-logo-b.png","width":322,"height":150,"caption":"Archademy"},"image":{"@id":"https:\/\/www.archademy.com.br\/blog\/#\/schema\/logo\/image\/"}},{"@type":"Person","@id":"https:\/\/www.archademy.com.br\/blog\/#\/schema\/person\/d131b6844bf56ba2aa334dee3461af65","name":"ArchaTeam","image":{"@type":"ImageObject","inLanguage":"pt-BR","@id":"https:\/\/www.archademy.com.br\/blog\/#\/schema\/person\/image\/","url":"https:\/\/www.archademy.com.br\/wp-content\/uploads\/2019\/04\/archa_simbolo-96x96.jpg","contentUrl":"https:\/\/www.archademy.com.br\/wp-content\/uploads\/2019\/04\/archa_simbolo-96x96.jpg","caption":"ArchaTeam"},"description":"Equipe @archademy.br","sameAs":["https:\/\/www.instagram.com\/archademy.br\/"],"url":"https:\/\/www.archademy.com.br\/blog\/author\/archanews\/"}]}},"taxonomies":[{"category_link":"https:\/\/www.archademy.com.br\/blog\/category\/destaques\/","category_name":"Destaques","category_id":36},{"category_link":"https:\/\/www.archademy.com.br\/blog\/category\/eventos\/","category_name":"Eventos","category_id":75}],"thumbnail_url":"https:\/\/www.archademy.com.br\/blog\/wp-content\/uploads\/2019\/09\/archathon-70-1024x683.jpg","_links":{"self":[{"href":"https:\/\/www.archademy.com.br\/blog\/wp-json\/wp\/v2\/posts\/5641"}],"collection":[{"href":"https:\/\/www.archademy.com.br\/blog\/wp-json\/wp\/v2\/posts"}],"about":[{"href":"https:\/\/www.archademy.com.br\/blog\/wp-json\/wp\/v2\/types\/post"}],"author":[{"embeddable":true,"href":"https:\/\/www.archademy.com.br\/blog\/wp-json\/wp\/v2\/users\/2"}],"replies":[{"embeddable":true,"href":"https:\/\/www.archademy.com.br\/blog\/wp-json\/wp\/v2\/comments?post=5641"}],"version-history":[{"count":7,"href":"https:\/\/www.archademy.com.br\/blog\/wp-json\/wp\/v2\/posts\/5641\/revisions"}],"predecessor-version":[{"id":5659,"href":"https:\/\/www.archademy.com.br\/blog\/wp-json\/wp\/v2\/posts\/5641\/revisions\/5659"}],"wp:featuredmedia":[{"embeddable":true,"href":"https:\/\/www.archademy.com.br\/blog\/wp-json\/wp\/v2\/media\/5642"}],"wp:attachment":[{"href":"https:\/\/www.archademy.com.br\/blog\/wp-json\/wp\/v2\/media?parent=5641"}],"wp:term":[{"taxonomy":"category","embeddable":true,"href":"https:\/\/www.archademy.com.br\/blog\/wp-json\/wp\/v2\/categories?post=5641"},{"taxonomy":"post_tag","embeddable":true,"href":"https:\/\/www.archademy.com.br\/blog\/wp-json\/wp\/v2\/tags?post=5641"}],"curies":[{"name":"wp","href":"https:\/\/api.w.org\/{rel}","templated":true}]}}