{"id":598,"date":"2018-06-22T15:19:28","date_gmt":"2018-06-22T15:19:28","guid":{"rendered":"http:\/\/www.archademy.com.br\/blog\/?p=598"},"modified":"2018-06-25T13:14:20","modified_gmt":"2018-06-25T13:14:20","slug":"desafio-nacional-vai-premiar-arquitetos-e-designers-de-minas","status":"publish","type":"post","link":"https:\/\/www.archademy.com.br\/blog\/desafio-nacional-vai-premiar-arquitetos-e-designers-de-minas\/","title":{"rendered":"Desafio nacional vai premiar jovens arquitetos e designers de Minas!"},"content":{"rendered":"<p>Com objetivo de revelar os novos talentos do mercado, o Archathon\u00a0promove, em Belo Horizonte, o maior workshop Arch&#038;Design das Am\u00e9ricas entre os dias 30 de Junho e 01 de Julho.\u00a090 Arquitetos e Designers de Interiores ser\u00e3o desafiados a criar um projeto em menos de 24 horas para a CASACOR Minas.\u00a0A boa not\u00edcia \u00e9 que as inscri\u00e7\u00f5es ainda est\u00e3o abertas! <\/p>\n<p><img loading=\"lazy\" class=\"size-full wp-image-604 aligncenter\" src=\"http:\/\/www.archademy.com.br\/blog\/wp-content\/uploads\/2018\/06\/sede-da-casacor-minas-2017-crecc81dito-jomar-braganccca7a.jpg\" alt=\"\" width=\"1500\" height=\"1007\" srcset=\"https:\/\/www.archademy.com.br\/blog\/wp-content\/uploads\/2018\/06\/sede-da-casacor-minas-2017-crecc81dito-jomar-braganccca7a.jpg 1500w, https:\/\/www.archademy.com.br\/blog\/wp-content\/uploads\/2018\/06\/sede-da-casacor-minas-2017-crecc81dito-jomar-braganccca7a-300x201.jpg 300w, https:\/\/www.archademy.com.br\/blog\/wp-content\/uploads\/2018\/06\/sede-da-casacor-minas-2017-crecc81dito-jomar-braganccca7a-768x516.jpg 768w, https:\/\/www.archademy.com.br\/blog\/wp-content\/uploads\/2018\/06\/sede-da-casacor-minas-2017-crecc81dito-jomar-braganccca7a-1024x687.jpg 1024w\" sizes=\"(max-width: 1500px) 100vw, 1500px\" \/><\/p>\n<p>Os profissionais vencedores do workshop conquistam um ambiente na CASACOR Minas 2018 e uma viagem para a Miami Art Basel, uma das maiores feiras de arte do mundo. Os profissionais vencedores do Archathon 2017, Thales Lucchesi, Ana Paula Pereira e Marcelo Martins, contaram ao\u00a0Archanews\u00a0a respeito de suas experi\u00eancias. Para Ana Paula: \u201cO Archathon foi para mim mais do que uma experi\u00eancia profissional, mas representou tamb\u00e9m um grande salto no crescimento pessoal\u201c. Marcelo revela outro ponto importante: \u201cfoi uma \u00f3tima maneira de experimentar os limites. Exercitar a capacidade de lidar com a press\u00e3o do tempo e a proposta de trazer o melhor do nosso trabalho dentro destas condi\u00e7\u00f5es&#8221;.<\/p>\n<p>30 grupos ser\u00e3o selecionados para uma imers\u00e3o em conte\u00fado, networking e pr\u00e1tica profissional em Belo Horizonte, sob a mentoria dos experts <strong>Tina Barbosa, CLS Arquitetura, Sergio Viana, Isabela Vecci e Humberto Hermeto. <\/strong>. Grandes marcas de diferentes segmentos\u00a0como Suvinil, DECA, Duratex, Durafloor, Hydra, Ceusa, Dunelli Casa, Urban Arts e Iluminar s\u00e3o apoiadoras desta edi\u00e7\u00e3o.<\/p>\n<p>Quem pode participar?<br \/>\nProfissionais formados nos cursos de Arquitetura e Design de Interiores h\u00e1, no m\u00e1ximo, 5 anos.<\/p>\n<p>Qual a din\u00e2mica do evento?<br \/>\nINSCRI\u00c7\u00d5ES : Grupos de 3 profissionais devem se inscrever pelo <a href=\"https:\/\/www.eventbrite.com.br\/e\/seletiva-archathon-minas-2018-tickets-46954154139\">site<\/a> e enviar o portf\u00f3lio para\u00a0contato@archathon.com.br at\u00e9 25\/06 (segunda-feira), \u00e0s 23:59h. O resultado dos grupos classificados sai no dia 26\/07 no @archathonbrasil.<\/p>\n<p>FASE ONLINE: Durante 1 semana, os grupos classificados ter\u00e3o acesso ao conte\u00fado preparat\u00f3rio na plataforma online do Archathon.<\/p>\n<p>FASE PRESENCIAL: Ap\u00f3s a etapa de classifica\u00e7\u00e3o, os 30 grupos classificados participam do evento presencial, em Belo Horizonte, entre 30 Junho e 01 de Julho.<\/p>\n<p>Programa\u00e7\u00e3o:<\/p>\n<p>30\/06 (S\u00c1BADO) 08:00H \u00e0s 20:00H | <strong>Workshop Criativo<\/strong> (Revela\u00e7\u00e3o do desafio e cria\u00e7\u00e3o dos projetos)<\/p>\n<p>01\/07 (DOMINGO) 14:00H \u00e0s 18:00H | <strong>ArchaTrial<\/strong> (Seletiva dos mentores, apresenta\u00e7\u00f5es para comiss\u00e3o julgadora e escolha do vencedor)<\/p>\n<p>Se interessou? Acesse <a href=\"https:\/\/www.eventbrite.com.br\/e\/seletiva-archathon-minas-2018-tickets-46954154139\">www.archathon.com.br<\/a> para se inscrever!<\/p>\n<p>D\u00favidas? Entre em contato pelo WhatsApp + 11 97282-5454 ou\u00a0contato@archathon.com.br<\/p>\n<p>N\u00e3o tem grupo?\u00a0Entre em contato pelo WhatsApp + 11 97282-5454.<\/p>\n","protected":false},"excerpt":{"rendered":"<p>Com objetivo de revelar os novos talentos do mercado, o Archathon\u00a0promove, em Belo Horizonte, o maior workshop Arch&#038;Design das Am\u00e9ricas entre os dias 30 de Junho e 01 de Julho.\u00a090 Arquitetos e Designers de Interiores ser\u00e3o desafiados a criar um projeto em menos de 24 horas para a CASACOR Minas.\u00a0A boa not\u00edcia \u00e9 que as &hellip; <\/p>\n<p class=\"link-more\"><a href=\"https:\/\/www.archademy.com.br\/blog\/desafio-nacional-vai-premiar-arquitetos-e-designers-de-minas\/\" class=\"more-link\">Leia mais <span class=\"screen-reader-text\"> &#8220;Desafio nacional vai premiar jovens arquitetos e designers de Minas!&#8221;<\/span><\/a><\/p>\n","protected":false},"author":4,"featured_media":604,"comment_status":"open","ping_status":"open","sticky":false,"template":"","format":"standard","meta":[],"categories":[11],"tags":[24,23,21,25,26,22,20],"yoast_head":"<!-- This site is optimized with the Yoast SEO plugin v19.8 - https:\/\/yoast.com\/wordpress\/plugins\/seo\/ -->\n<title>Desafio nacional vai premiar jovens arquitetos e designers de Minas! - Archademy<\/title>\n<meta name=\"robots\" content=\"index, follow, max-snippet:-1, max-image-preview:large, max-video-preview:-1\" \/>\n<link rel=\"canonical\" href=\"https:\/\/www.archademy.com.br\/blog\/desafio-nacional-vai-premiar-arquitetos-e-designers-de-minas\/\" \/>\n<meta property=\"og:locale\" content=\"pt_BR\" \/>\n<meta property=\"og:type\" content=\"article\" \/>\n<meta property=\"og:title\" content=\"Desafio nacional vai premiar jovens arquitetos e designers de Minas! - Archademy\" \/>\n<meta property=\"og:description\" content=\"Com objetivo de revelar os novos talentos do mercado, o Archathon\u00a0promove, em Belo Horizonte, o maior workshop Arch&#038;Design das Am\u00e9ricas entre os dias 30 de Junho e 01 de Julho.\u00a090 Arquitetos e Designers de Interiores ser\u00e3o desafiados a criar um projeto em menos de 24 horas para a CASACOR Minas.\u00a0A boa not\u00edcia \u00e9 que as &hellip; Leia mais &quot;Desafio nacional vai premiar jovens arquitetos e designers de Minas!&quot;\" \/>\n<meta property=\"og:url\" content=\"https:\/\/www.archademy.com.br\/blog\/desafio-nacional-vai-premiar-arquitetos-e-designers-de-minas\/\" \/>\n<meta property=\"og:site_name\" content=\"Archademy\" \/>\n<meta property=\"article:author\" content=\"https:\/\/www.facebook.com\/thalesluc\" \/>\n<meta property=\"article:published_time\" content=\"2018-06-22T15:19:28+00:00\" \/>\n<meta property=\"article:modified_time\" content=\"2018-06-25T13:14:20+00:00\" \/>\n<meta property=\"og:image\" content=\"https:\/\/www.archademy.com.br\/blog\/wp-content\/uploads\/2018\/06\/sede-da-casacor-minas-2017-crecc81dito-jomar-braganccca7a.jpg\" \/>\n\t<meta property=\"og:image:width\" content=\"1500\" \/>\n\t<meta property=\"og:image:height\" content=\"1007\" \/>\n\t<meta property=\"og:image:type\" content=\"image\/jpeg\" \/>\n<meta name=\"author\" content=\"Thales Lucchesi\" \/>\n<meta name=\"twitter:card\" content=\"summary_large_image\" \/>\n<meta name=\"twitter:label1\" content=\"Escrito por\" \/>\n\t<meta name=\"twitter:data1\" content=\"Thales Lucchesi\" \/>\n\t<meta name=\"twitter:label2\" content=\"Est. tempo de leitura\" \/>\n\t<meta name=\"twitter:data2\" content=\"2 minutos\" \/>\n<script type=\"application\/ld+json\" class=\"yoast-schema-graph\">{\"@context\":\"https:\/\/schema.org\",\"@graph\":[{\"@type\":\"Article\",\"@id\":\"https:\/\/www.archademy.com.br\/blog\/desafio-nacional-vai-premiar-arquitetos-e-designers-de-minas\/#article\",\"isPartOf\":{\"@id\":\"https:\/\/www.archademy.com.br\/blog\/desafio-nacional-vai-premiar-arquitetos-e-designers-de-minas\/\"},\"author\":{\"name\":\"Thales Lucchesi\",\"@id\":\"https:\/\/www.archademy.com.br\/blog\/#\/schema\/person\/fb74a8fd055fad249756bd7c4c8b56fc\"},\"headline\":\"Desafio nacional vai premiar jovens arquitetos e designers de Minas!\",\"datePublished\":\"2018-06-22T15:19:28+00:00\",\"dateModified\":\"2018-06-25T13:14:20+00:00\",\"mainEntityOfPage\":{\"@id\":\"https:\/\/www.archademy.com.br\/blog\/desafio-nacional-vai-premiar-arquitetos-e-designers-de-minas\/\"},\"wordCount\":415,\"commentCount\":0,\"publisher\":{\"@id\":\"https:\/\/www.archademy.com.br\/blog\/#organization\"},\"keywords\":[\"arquitetos\",\"arquitetura\",\"desafio\",\"design\",\"designers\",\"premio\",\"workshop\"],\"articleSection\":[\"Workshop\"],\"inLanguage\":\"pt-BR\",\"potentialAction\":[{\"@type\":\"CommentAction\",\"name\":\"Comment\",\"target\":[\"https:\/\/www.archademy.com.br\/blog\/desafio-nacional-vai-premiar-arquitetos-e-designers-de-minas\/#respond\"]}]},{\"@type\":\"WebPage\",\"@id\":\"https:\/\/www.archademy.com.br\/blog\/desafio-nacional-vai-premiar-arquitetos-e-designers-de-minas\/\",\"url\":\"https:\/\/www.archademy.com.br\/blog\/desafio-nacional-vai-premiar-arquitetos-e-designers-de-minas\/\",\"name\":\"Desafio nacional vai premiar jovens arquitetos e designers de Minas! - Archademy\",\"isPartOf\":{\"@id\":\"https:\/\/www.archademy.com.br\/blog\/#website\"},\"datePublished\":\"2018-06-22T15:19:28+00:00\",\"dateModified\":\"2018-06-25T13:14:20+00:00\",\"breadcrumb\":{\"@id\":\"https:\/\/www.archademy.com.br\/blog\/desafio-nacional-vai-premiar-arquitetos-e-designers-de-minas\/#breadcrumb\"},\"inLanguage\":\"pt-BR\",\"potentialAction\":[{\"@type\":\"ReadAction\",\"target\":[\"https:\/\/www.archademy.com.br\/blog\/desafio-nacional-vai-premiar-arquitetos-e-designers-de-minas\/\"]}]},{\"@type\":\"BreadcrumbList\",\"@id\":\"https:\/\/www.archademy.com.br\/blog\/desafio-nacional-vai-premiar-arquitetos-e-designers-de-minas\/#breadcrumb\",\"itemListElement\":[{\"@type\":\"ListItem\",\"position\":1,\"name\":\"In\u00edcio\",\"item\":\"https:\/\/www.archademy.com.br\/blog\/\"},{\"@type\":\"ListItem\",\"position\":2,\"name\":\"Desafio nacional vai premiar jovens arquitetos e designers de Minas!\"}]},{\"@type\":\"WebSite\",\"@id\":\"https:\/\/www.archademy.com.br\/blog\/#website\",\"url\":\"https:\/\/www.archademy.com.br\/blog\/\",\"name\":\"Archademy\",\"description\":\"Inova\u00e7\u00e3o Em Arquitetura e Design de Interiores\",\"publisher\":{\"@id\":\"https:\/\/www.archademy.com.br\/blog\/#organization\"},\"potentialAction\":[{\"@type\":\"SearchAction\",\"target\":{\"@type\":\"EntryPoint\",\"urlTemplate\":\"https:\/\/www.archademy.com.br\/blog\/?s={search_term_string}\"},\"query-input\":\"required name=search_term_string\"}],\"inLanguage\":\"pt-BR\"},{\"@type\":\"Organization\",\"@id\":\"https:\/\/www.archademy.com.br\/blog\/#organization\",\"name\":\"Archademy\",\"url\":\"https:\/\/www.archademy.com.br\/blog\/\",\"sameAs\":[],\"logo\":{\"@type\":\"ImageObject\",\"inLanguage\":\"pt-BR\",\"@id\":\"https:\/\/www.archademy.com.br\/blog\/#\/schema\/logo\/image\/\",\"url\":\"https:\/\/www.archademy.com.br\/blog\/wp-content\/uploads\/2019\/06\/archademy-logo-b.png\",\"contentUrl\":\"https:\/\/www.archademy.com.br\/blog\/wp-content\/uploads\/2019\/06\/archademy-logo-b.png\",\"width\":322,\"height\":150,\"caption\":\"Archademy\"},\"image\":{\"@id\":\"https:\/\/www.archademy.com.br\/blog\/#\/schema\/logo\/image\/\"}},{\"@type\":\"Person\",\"@id\":\"https:\/\/www.archademy.com.br\/blog\/#\/schema\/person\/fb74a8fd055fad249756bd7c4c8b56fc\",\"name\":\"Thales Lucchesi\",\"image\":{\"@type\":\"ImageObject\",\"inLanguage\":\"pt-BR\",\"@id\":\"https:\/\/www.archademy.com.br\/blog\/#\/schema\/person\/image\/\",\"url\":\"https:\/\/www.archademy.com.br\/wp-content\/uploads\/2018\/12\/thalles-96x96.jpg\",\"contentUrl\":\"https:\/\/www.archademy.com.br\/wp-content\/uploads\/2018\/12\/thalles-96x96.jpg\",\"caption\":\"Thales Lucchesi\"},\"sameAs\":[\"https:\/\/www.instagram.com\/thaleslucchesi\/\",\"https:\/\/www.facebook.com\/thalesluc\"],\"url\":\"https:\/\/www.archademy.com.br\/blog\/author\/thales-lucchesi\/\"}]}<\/script>\n<!-- \/ Yoast SEO plugin. -->","yoast_head_json":{"title":"Desafio nacional vai premiar jovens arquitetos e designers de Minas! - Archademy","robots":{"index":"index","follow":"follow","max-snippet":"max-snippet:-1","max-image-preview":"max-image-preview:large","max-video-preview":"max-video-preview:-1"},"canonical":"https:\/\/www.archademy.com.br\/blog\/desafio-nacional-vai-premiar-arquitetos-e-designers-de-minas\/","og_locale":"pt_BR","og_type":"article","og_title":"Desafio nacional vai premiar jovens arquitetos e designers de Minas! - Archademy","og_description":"Com objetivo de revelar os novos talentos do mercado, o Archathon\u00a0promove, em Belo Horizonte, o maior workshop Arch&#038;Design das Am\u00e9ricas entre os dias 30 de Junho e 01 de Julho.\u00a090 Arquitetos e Designers de Interiores ser\u00e3o desafiados a criar um projeto em menos de 24 horas para a CASACOR Minas.\u00a0A boa not\u00edcia \u00e9 que as &hellip; Leia mais \"Desafio nacional vai premiar jovens arquitetos e designers de Minas!\"","og_url":"https:\/\/www.archademy.com.br\/blog\/desafio-nacional-vai-premiar-arquitetos-e-designers-de-minas\/","og_site_name":"Archademy","article_author":"https:\/\/www.facebook.com\/thalesluc","article_published_time":"2018-06-22T15:19:28+00:00","article_modified_time":"2018-06-25T13:14:20+00:00","og_image":[{"width":"1500","height":"1007","url":"https:\/\/www.archademy.com.br\/blog\/wp-content\/uploads\/2018\/06\/sede-da-casacor-minas-2017-crecc81dito-jomar-braganccca7a.jpg","type":"image\/jpeg"}],"author":"Thales Lucchesi","twitter_card":"summary_large_image","twitter_misc":{"Escrito por":"Thales Lucchesi","Est. tempo de leitura":"2 minutos"},"schema":{"@context":"https:\/\/schema.org","@graph":[{"@type":"Article","@id":"https:\/\/www.archademy.com.br\/blog\/desafio-nacional-vai-premiar-arquitetos-e-designers-de-minas\/#article","isPartOf":{"@id":"https:\/\/www.archademy.com.br\/blog\/desafio-nacional-vai-premiar-arquitetos-e-designers-de-minas\/"},"author":{"name":"Thales Lucchesi","@id":"https:\/\/www.archademy.com.br\/blog\/#\/schema\/person\/fb74a8fd055fad249756bd7c4c8b56fc"},"headline":"Desafio nacional vai premiar jovens arquitetos e designers de Minas!","datePublished":"2018-06-22T15:19:28+00:00","dateModified":"2018-06-25T13:14:20+00:00","mainEntityOfPage":{"@id":"https:\/\/www.archademy.com.br\/blog\/desafio-nacional-vai-premiar-arquitetos-e-designers-de-minas\/"},"wordCount":415,"commentCount":0,"publisher":{"@id":"https:\/\/www.archademy.com.br\/blog\/#organization"},"keywords":["arquitetos","arquitetura","desafio","design","designers","premio","workshop"],"articleSection":["Workshop"],"inLanguage":"pt-BR","potentialAction":[{"@type":"CommentAction","name":"Comment","target":["https:\/\/www.archademy.com.br\/blog\/desafio-nacional-vai-premiar-arquitetos-e-designers-de-minas\/#respond"]}]},{"@type":"WebPage","@id":"https:\/\/www.archademy.com.br\/blog\/desafio-nacional-vai-premiar-arquitetos-e-designers-de-minas\/","url":"https:\/\/www.archademy.com.br\/blog\/desafio-nacional-vai-premiar-arquitetos-e-designers-de-minas\/","name":"Desafio nacional vai premiar jovens arquitetos e designers de Minas! - Archademy","isPartOf":{"@id":"https:\/\/www.archademy.com.br\/blog\/#website"},"datePublished":"2018-06-22T15:19:28+00:00","dateModified":"2018-06-25T13:14:20+00:00","breadcrumb":{"@id":"https:\/\/www.archademy.com.br\/blog\/desafio-nacional-vai-premiar-arquitetos-e-designers-de-minas\/#breadcrumb"},"inLanguage":"pt-BR","potentialAction":[{"@type":"ReadAction","target":["https:\/\/www.archademy.com.br\/blog\/desafio-nacional-vai-premiar-arquitetos-e-designers-de-minas\/"]}]},{"@type":"BreadcrumbList","@id":"https:\/\/www.archademy.com.br\/blog\/desafio-nacional-vai-premiar-arquitetos-e-designers-de-minas\/#breadcrumb","itemListElement":[{"@type":"ListItem","position":1,"name":"In\u00edcio","item":"https:\/\/www.archademy.com.br\/blog\/"},{"@type":"ListItem","position":2,"name":"Desafio nacional vai premiar jovens arquitetos e designers de Minas!"}]},{"@type":"WebSite","@id":"https:\/\/www.archademy.com.br\/blog\/#website","url":"https:\/\/www.archademy.com.br\/blog\/","name":"Archademy","description":"Inova\u00e7\u00e3o Em Arquitetura e Design de Interiores","publisher":{"@id":"https:\/\/www.archademy.com.br\/blog\/#organization"},"potentialAction":[{"@type":"SearchAction","target":{"@type":"EntryPoint","urlTemplate":"https:\/\/www.archademy.com.br\/blog\/?s={search_term_string}"},"query-input":"required name=search_term_string"}],"inLanguage":"pt-BR"},{"@type":"Organization","@id":"https:\/\/www.archademy.com.br\/blog\/#organization","name":"Archademy","url":"https:\/\/www.archademy.com.br\/blog\/","sameAs":[],"logo":{"@type":"ImageObject","inLanguage":"pt-BR","@id":"https:\/\/www.archademy.com.br\/blog\/#\/schema\/logo\/image\/","url":"https:\/\/www.archademy.com.br\/blog\/wp-content\/uploads\/2019\/06\/archademy-logo-b.png","contentUrl":"https:\/\/www.archademy.com.br\/blog\/wp-content\/uploads\/2019\/06\/archademy-logo-b.png","width":322,"height":150,"caption":"Archademy"},"image":{"@id":"https:\/\/www.archademy.com.br\/blog\/#\/schema\/logo\/image\/"}},{"@type":"Person","@id":"https:\/\/www.archademy.com.br\/blog\/#\/schema\/person\/fb74a8fd055fad249756bd7c4c8b56fc","name":"Thales Lucchesi","image":{"@type":"ImageObject","inLanguage":"pt-BR","@id":"https:\/\/www.archademy.com.br\/blog\/#\/schema\/person\/image\/","url":"https:\/\/www.archademy.com.br\/wp-content\/uploads\/2018\/12\/thalles-96x96.jpg","contentUrl":"https:\/\/www.archademy.com.br\/wp-content\/uploads\/2018\/12\/thalles-96x96.jpg","caption":"Thales Lucchesi"},"sameAs":["https:\/\/www.instagram.com\/thaleslucchesi\/","https:\/\/www.facebook.com\/thalesluc"],"url":"https:\/\/www.archademy.com.br\/blog\/author\/thales-lucchesi\/"}]}},"taxonomies":[{"category_link":"https:\/\/www.archademy.com.br\/blog\/category\/workshop\/","category_name":"Workshop","category_id":11}],"thumbnail_url":"https:\/\/www.archademy.com.br\/blog\/wp-content\/uploads\/2018\/06\/sede-da-casacor-minas-2017-crecc81dito-jomar-braganccca7a-1024x687.jpg","_links":{"self":[{"href":"https:\/\/www.archademy.com.br\/blog\/wp-json\/wp\/v2\/posts\/598"}],"collection":[{"href":"https:\/\/www.archademy.com.br\/blog\/wp-json\/wp\/v2\/posts"}],"about":[{"href":"https:\/\/www.archademy.com.br\/blog\/wp-json\/wp\/v2\/types\/post"}],"author":[{"embeddable":true,"href":"https:\/\/www.archademy.com.br\/blog\/wp-json\/wp\/v2\/users\/4"}],"replies":[{"embeddable":true,"href":"https:\/\/www.archademy.com.br\/blog\/wp-json\/wp\/v2\/comments?post=598"}],"version-history":[{"count":5,"href":"https:\/\/www.archademy.com.br\/blog\/wp-json\/wp\/v2\/posts\/598\/revisions"}],"predecessor-version":[{"id":614,"href":"https:\/\/www.archademy.com.br\/blog\/wp-json\/wp\/v2\/posts\/598\/revisions\/614"}],"wp:featuredmedia":[{"embeddable":true,"href":"https:\/\/www.archademy.com.br\/blog\/wp-json\/wp\/v2\/media\/604"}],"wp:attachment":[{"href":"https:\/\/www.archademy.com.br\/blog\/wp-json\/wp\/v2\/media?parent=598"}],"wp:term":[{"taxonomy":"category","embeddable":true,"href":"https:\/\/www.archademy.com.br\/blog\/wp-json\/wp\/v2\/categories?post=598"},{"taxonomy":"post_tag","embeddable":true,"href":"https:\/\/www.archademy.com.br\/blog\/wp-json\/wp\/v2\/tags?post=598"}],"curies":[{"name":"wp","href":"https:\/\/api.w.org\/{rel}","templated":true}]}}