{"id":6119,"date":"2019-10-14T18:11:44","date_gmt":"2019-10-14T21:11:44","guid":{"rendered":"http:\/\/www.archademy.com.br\/blog\/?p=6119"},"modified":"2019-10-14T18:15:29","modified_gmt":"2019-10-14T21:15:29","slug":"archaday-vitoria-2019","status":"publish","type":"post","link":"https:\/\/www.archademy.com.br\/blog\/archaday-vitoria-2019\/","title":{"rendered":"O maior SHOWCASE Arch&#038;Design do pa\u00eds desembarca em Vit\u00f3ria"},"content":{"rendered":"<h3><span style=\"font-weight: 400;\">Archaday promove talks com ideias pr\u00e1ticas e hist\u00f3rias inspiradoras<\/span><\/h3>\n<p>&nbsp;<\/p>\n<p><span style=\"font-weight: 400;\">No dia 22 de outubro, Vit\u00f3ria recebe o <\/span><b>maior showcase Arch&amp;Design do pa\u00eds: o Archaday<\/b><span style=\"font-weight: 400;\">. Durante o evento, profissionais inovadores compartilham experi\u00eancias e pr\u00e1ticas bem-sucedidas. S\u00e3o apresenta\u00e7\u00f5es objetivas, que disseminam conhecimento e networking para valorizar a profiss\u00e3o dos arquitetos e designers de interiores. Os profissionais participantes podem visitar a CASACOR\/ES, local do evento, a maior e mais completa mostra de arquitetura, design de interiores e paisagismo das Am\u00e9ricas, e ainda participam de uma sess\u00e3o de aut\u00f3grafos com Guilherme Torres com uma cole\u00e7\u00e3o de tr\u00eas livros, que re\u00fane em mais de 1000 p\u00e1ginas um registro das duas d\u00e9cadas de carreira do profissional: o Guilherme Torres Works \u2013 Stronger Collection.<\/span><\/p>\n<p><span style=\"font-weight: 400;\">O evento \u00e9 uma iniciativa da Archademy, a primeira aceleradora para escrit\u00f3rios de Arquitetura e Design de Interiores do mundo. A programa\u00e7\u00e3o confirmada conta com profissionais renomados que est\u00e3o no centro das transforma\u00e7\u00f5es do mundo Arch&amp;Design. Confira:\u00a0<\/span><\/p>\n<p>\u2714\ufe0f<strong>Guilherme Torres<\/strong> &#8211; @guilhermetorres &#8211; Processo criativo.<\/p>\n<p>\u2714\ufe0f<strong>Jo\u00e3o Le\u00e3o<\/strong> &#8211; @joaoleao &#8211; Erros e acertos de uma proposta comercial.<\/p>\n<p>\u2714\ufe0f<strong>Talk CASACOR\/ES<\/strong> @casacorespiritosanto com @ritatristaooficial @leticiafinamorearquitetura @sergiopalmeirastudio @sergiopaulorabelloarquitetura<\/p>\n<p>\u2714\ufe0f<strong>Clara Nahas<\/strong> &#8211; @clara.nahas &#8211; Comunica\u00e7\u00e3o transparente: como defini meu estilo profissional<\/p>\n<p>\u2714\ufe0f<strong>Raphael Trist\u00e3o<\/strong> &#8211; @raphaeltristao &#8211; Os principais n\u00fameros do mercado de interiores do Brasil\u2063\u2063.<\/p>\n<p>\u2714\ufe0f<strong>Anne Carpe<\/strong> &#8211; @annecarpe &#8211; Mais visibilidade para seu escrit\u00f3rio\u2063\u2063<\/p>\n<p><b>\u2063\u2063<\/b><\/p>\n<p><b>Servi\u00e7o\u00a0<\/b><br \/>\n<span style=\"font-weight: 400;\">Archaday Vit\u00f3ria 2019\u00a0<\/span><br \/>\n<span style=\"font-weight: 400;\">Local: CASACOR\/ES | Clube \u00cdtalo Brasileiro \u2013 R. Renato Nascimento Daher Carneiro, 1036 \u2013 Ilha do Boi, Vit\u00f3ria \u2013 ES<\/span><br \/>\n<span style=\"font-weight: 400;\">Data: 22 de outubro<\/span><br \/>\n<span style=\"font-weight: 400;\">Hor\u00e1rio: 14h \u00e0s 17h\u00a0<\/span><br \/>\n<span style=\"font-weight: 400;\">Ingressos: <\/span><strong><a href=\"https:\/\/archademy.com.br\/archaday\/edicao\/archaday-vitoria-es\/\">https:\/\/archademy.com.br\/archaday\/edicao\/archaday-vitoria-es\/<\/a><\/strong><br \/>\nAberto a estudantes, arquitetos, designers de interiores e profissionais do mercado Arch&amp;Design. <b>Com certificado de horas complementares.<\/b><\/p>\n<p><b>Informa\u00e7\u00f5es \u00e0 Imprensa<\/b><br \/>\n<a href=\"mailto:anna@archathon.com.br\"><span style=\"font-weight: 400;\">anna@archademy.com.br<\/span><\/a><span style=\"font-weight: 400;\"> | +55 11 94301-0827<\/span><\/p>\n","protected":false},"excerpt":{"rendered":"<p>Archaday promove talks com ideias pr\u00e1ticas e hist\u00f3rias inspiradoras &nbsp; No dia 22 de outubro, Vit\u00f3ria recebe o maior showcase Arch&amp;Design do pa\u00eds: o Archaday. Durante o evento, profissionais inovadores compartilham experi\u00eancias e pr\u00e1ticas bem-sucedidas. S\u00e3o apresenta\u00e7\u00f5es objetivas, que disseminam conhecimento e networking para valorizar a profiss\u00e3o dos arquitetos e designers de interiores. Os profissionais &hellip; <\/p>\n<p class=\"link-more\"><a href=\"https:\/\/www.archademy.com.br\/blog\/archaday-vitoria-2019\/\" class=\"more-link\">Leia mais <span class=\"screen-reader-text\"> &#8220;O maior SHOWCASE Arch&#038;Design do pa\u00eds desembarca em Vit\u00f3ria&#8221;<\/span><\/a><\/p>\n","protected":false},"author":2,"featured_media":6120,"comment_status":"open","ping_status":"open","sticky":false,"template":"","format":"standard","meta":[],"categories":[36,75],"tags":[],"yoast_head":"<!-- This site is optimized with the Yoast SEO plugin v19.8 - https:\/\/yoast.com\/wordpress\/plugins\/seo\/ -->\n<title>O maior SHOWCASE Arch&amp;Design do pa\u00eds desembarca em Vit\u00f3ria - Archademy<\/title>\n<meta name=\"robots\" content=\"index, follow, max-snippet:-1, max-image-preview:large, max-video-preview:-1\" \/>\n<link rel=\"canonical\" href=\"https:\/\/www.archademy.com.br\/blog\/archaday-vitoria-2019\/\" \/>\n<meta property=\"og:locale\" content=\"pt_BR\" \/>\n<meta property=\"og:type\" content=\"article\" \/>\n<meta property=\"og:title\" content=\"O maior SHOWCASE Arch&amp;Design do pa\u00eds desembarca em Vit\u00f3ria - Archademy\" \/>\n<meta property=\"og:description\" content=\"Archaday promove talks com ideias pr\u00e1ticas e hist\u00f3rias inspiradoras &nbsp; No dia 22 de outubro, Vit\u00f3ria recebe o maior showcase Arch&amp;Design do pa\u00eds: o Archaday. Durante o evento, profissionais inovadores compartilham experi\u00eancias e pr\u00e1ticas bem-sucedidas. S\u00e3o apresenta\u00e7\u00f5es objetivas, que disseminam conhecimento e networking para valorizar a profiss\u00e3o dos arquitetos e designers de interiores. Os profissionais &hellip; Leia mais &quot;O maior SHOWCASE Arch&#038;Design do pa\u00eds desembarca em Vit\u00f3ria&quot;\" \/>\n<meta property=\"og:url\" content=\"https:\/\/www.archademy.com.br\/blog\/archaday-vitoria-2019\/\" \/>\n<meta property=\"og:site_name\" content=\"Archademy\" \/>\n<meta property=\"article:published_time\" content=\"2019-10-14T21:11:44+00:00\" \/>\n<meta property=\"article:modified_time\" content=\"2019-10-14T21:15:29+00:00\" \/>\n<meta property=\"og:image\" content=\"https:\/\/www.archademy.com.br\/blog\/wp-content\/uploads\/2019\/10\/59778260_2089187441380378_7116744746294312960_o.jpg\" \/>\n\t<meta property=\"og:image:width\" content=\"2045\" \/>\n\t<meta property=\"og:image:height\" content=\"1364\" \/>\n\t<meta property=\"og:image:type\" content=\"image\/jpeg\" \/>\n<meta name=\"author\" content=\"ArchaTeam\" \/>\n<meta name=\"twitter:card\" content=\"summary_large_image\" \/>\n<meta name=\"twitter:label1\" content=\"Escrito por\" \/>\n\t<meta name=\"twitter:data1\" content=\"ArchaTeam\" \/>\n\t<meta name=\"twitter:label2\" content=\"Est. tempo de leitura\" \/>\n\t<meta name=\"twitter:data2\" content=\"2 minutos\" \/>\n<script type=\"application\/ld+json\" class=\"yoast-schema-graph\">{\"@context\":\"https:\/\/schema.org\",\"@graph\":[{\"@type\":\"Article\",\"@id\":\"https:\/\/www.archademy.com.br\/blog\/archaday-vitoria-2019\/#article\",\"isPartOf\":{\"@id\":\"https:\/\/www.archademy.com.br\/blog\/archaday-vitoria-2019\/\"},\"author\":{\"name\":\"ArchaTeam\",\"@id\":\"https:\/\/www.archademy.com.br\/blog\/#\/schema\/person\/d131b6844bf56ba2aa334dee3461af65\"},\"headline\":\"O maior SHOWCASE Arch&#038;Design do pa\u00eds desembarca em Vit\u00f3ria\",\"datePublished\":\"2019-10-14T21:11:44+00:00\",\"dateModified\":\"2019-10-14T21:15:29+00:00\",\"mainEntityOfPage\":{\"@id\":\"https:\/\/www.archademy.com.br\/blog\/archaday-vitoria-2019\/\"},\"wordCount\":325,\"commentCount\":0,\"publisher\":{\"@id\":\"https:\/\/www.archademy.com.br\/blog\/#organization\"},\"articleSection\":[\"Destaques\",\"Eventos\"],\"inLanguage\":\"pt-BR\",\"potentialAction\":[{\"@type\":\"CommentAction\",\"name\":\"Comment\",\"target\":[\"https:\/\/www.archademy.com.br\/blog\/archaday-vitoria-2019\/#respond\"]}]},{\"@type\":\"WebPage\",\"@id\":\"https:\/\/www.archademy.com.br\/blog\/archaday-vitoria-2019\/\",\"url\":\"https:\/\/www.archademy.com.br\/blog\/archaday-vitoria-2019\/\",\"name\":\"O maior SHOWCASE Arch&Design do pa\u00eds desembarca em Vit\u00f3ria - Archademy\",\"isPartOf\":{\"@id\":\"https:\/\/www.archademy.com.br\/blog\/#website\"},\"datePublished\":\"2019-10-14T21:11:44+00:00\",\"dateModified\":\"2019-10-14T21:15:29+00:00\",\"breadcrumb\":{\"@id\":\"https:\/\/www.archademy.com.br\/blog\/archaday-vitoria-2019\/#breadcrumb\"},\"inLanguage\":\"pt-BR\",\"potentialAction\":[{\"@type\":\"ReadAction\",\"target\":[\"https:\/\/www.archademy.com.br\/blog\/archaday-vitoria-2019\/\"]}]},{\"@type\":\"BreadcrumbList\",\"@id\":\"https:\/\/www.archademy.com.br\/blog\/archaday-vitoria-2019\/#breadcrumb\",\"itemListElement\":[{\"@type\":\"ListItem\",\"position\":1,\"name\":\"In\u00edcio\",\"item\":\"https:\/\/www.archademy.com.br\/blog\/\"},{\"@type\":\"ListItem\",\"position\":2,\"name\":\"O maior SHOWCASE Arch&#038;Design do pa\u00eds desembarca em Vit\u00f3ria\"}]},{\"@type\":\"WebSite\",\"@id\":\"https:\/\/www.archademy.com.br\/blog\/#website\",\"url\":\"https:\/\/www.archademy.com.br\/blog\/\",\"name\":\"Archademy\",\"description\":\"Inova\u00e7\u00e3o Em Arquitetura e Design de Interiores\",\"publisher\":{\"@id\":\"https:\/\/www.archademy.com.br\/blog\/#organization\"},\"potentialAction\":[{\"@type\":\"SearchAction\",\"target\":{\"@type\":\"EntryPoint\",\"urlTemplate\":\"https:\/\/www.archademy.com.br\/blog\/?s={search_term_string}\"},\"query-input\":\"required name=search_term_string\"}],\"inLanguage\":\"pt-BR\"},{\"@type\":\"Organization\",\"@id\":\"https:\/\/www.archademy.com.br\/blog\/#organization\",\"name\":\"Archademy\",\"url\":\"https:\/\/www.archademy.com.br\/blog\/\",\"sameAs\":[],\"logo\":{\"@type\":\"ImageObject\",\"inLanguage\":\"pt-BR\",\"@id\":\"https:\/\/www.archademy.com.br\/blog\/#\/schema\/logo\/image\/\",\"url\":\"https:\/\/www.archademy.com.br\/blog\/wp-content\/uploads\/2019\/06\/archademy-logo-b.png\",\"contentUrl\":\"https:\/\/www.archademy.com.br\/blog\/wp-content\/uploads\/2019\/06\/archademy-logo-b.png\",\"width\":322,\"height\":150,\"caption\":\"Archademy\"},\"image\":{\"@id\":\"https:\/\/www.archademy.com.br\/blog\/#\/schema\/logo\/image\/\"}},{\"@type\":\"Person\",\"@id\":\"https:\/\/www.archademy.com.br\/blog\/#\/schema\/person\/d131b6844bf56ba2aa334dee3461af65\",\"name\":\"ArchaTeam\",\"image\":{\"@type\":\"ImageObject\",\"inLanguage\":\"pt-BR\",\"@id\":\"https:\/\/www.archademy.com.br\/blog\/#\/schema\/person\/image\/\",\"url\":\"https:\/\/www.archademy.com.br\/wp-content\/uploads\/2019\/04\/archa_simbolo-96x96.jpg\",\"contentUrl\":\"https:\/\/www.archademy.com.br\/wp-content\/uploads\/2019\/04\/archa_simbolo-96x96.jpg\",\"caption\":\"ArchaTeam\"},\"description\":\"Equipe @archademy.br\",\"sameAs\":[\"https:\/\/www.instagram.com\/archademy.br\/\"],\"url\":\"https:\/\/www.archademy.com.br\/blog\/author\/archanews\/\"}]}<\/script>\n<!-- \/ Yoast SEO plugin. -->","yoast_head_json":{"title":"O maior SHOWCASE Arch&Design do pa\u00eds desembarca em Vit\u00f3ria - Archademy","robots":{"index":"index","follow":"follow","max-snippet":"max-snippet:-1","max-image-preview":"max-image-preview:large","max-video-preview":"max-video-preview:-1"},"canonical":"https:\/\/www.archademy.com.br\/blog\/archaday-vitoria-2019\/","og_locale":"pt_BR","og_type":"article","og_title":"O maior SHOWCASE Arch&Design do pa\u00eds desembarca em Vit\u00f3ria - Archademy","og_description":"Archaday promove talks com ideias pr\u00e1ticas e hist\u00f3rias inspiradoras &nbsp; No dia 22 de outubro, Vit\u00f3ria recebe o maior showcase Arch&amp;Design do pa\u00eds: o Archaday. Durante o evento, profissionais inovadores compartilham experi\u00eancias e pr\u00e1ticas bem-sucedidas. S\u00e3o apresenta\u00e7\u00f5es objetivas, que disseminam conhecimento e networking para valorizar a profiss\u00e3o dos arquitetos e designers de interiores. Os profissionais &hellip; Leia mais \"O maior SHOWCASE Arch&#038;Design do pa\u00eds desembarca em Vit\u00f3ria\"","og_url":"https:\/\/www.archademy.com.br\/blog\/archaday-vitoria-2019\/","og_site_name":"Archademy","article_published_time":"2019-10-14T21:11:44+00:00","article_modified_time":"2019-10-14T21:15:29+00:00","og_image":[{"width":2045,"height":1364,"url":"https:\/\/www.archademy.com.br\/blog\/wp-content\/uploads\/2019\/10\/59778260_2089187441380378_7116744746294312960_o.jpg","type":"image\/jpeg"}],"author":"ArchaTeam","twitter_card":"summary_large_image","twitter_misc":{"Escrito por":"ArchaTeam","Est. tempo de leitura":"2 minutos"},"schema":{"@context":"https:\/\/schema.org","@graph":[{"@type":"Article","@id":"https:\/\/www.archademy.com.br\/blog\/archaday-vitoria-2019\/#article","isPartOf":{"@id":"https:\/\/www.archademy.com.br\/blog\/archaday-vitoria-2019\/"},"author":{"name":"ArchaTeam","@id":"https:\/\/www.archademy.com.br\/blog\/#\/schema\/person\/d131b6844bf56ba2aa334dee3461af65"},"headline":"O maior SHOWCASE Arch&#038;Design do pa\u00eds desembarca em Vit\u00f3ria","datePublished":"2019-10-14T21:11:44+00:00","dateModified":"2019-10-14T21:15:29+00:00","mainEntityOfPage":{"@id":"https:\/\/www.archademy.com.br\/blog\/archaday-vitoria-2019\/"},"wordCount":325,"commentCount":0,"publisher":{"@id":"https:\/\/www.archademy.com.br\/blog\/#organization"},"articleSection":["Destaques","Eventos"],"inLanguage":"pt-BR","potentialAction":[{"@type":"CommentAction","name":"Comment","target":["https:\/\/www.archademy.com.br\/blog\/archaday-vitoria-2019\/#respond"]}]},{"@type":"WebPage","@id":"https:\/\/www.archademy.com.br\/blog\/archaday-vitoria-2019\/","url":"https:\/\/www.archademy.com.br\/blog\/archaday-vitoria-2019\/","name":"O maior SHOWCASE Arch&Design do pa\u00eds desembarca em Vit\u00f3ria - Archademy","isPartOf":{"@id":"https:\/\/www.archademy.com.br\/blog\/#website"},"datePublished":"2019-10-14T21:11:44+00:00","dateModified":"2019-10-14T21:15:29+00:00","breadcrumb":{"@id":"https:\/\/www.archademy.com.br\/blog\/archaday-vitoria-2019\/#breadcrumb"},"inLanguage":"pt-BR","potentialAction":[{"@type":"ReadAction","target":["https:\/\/www.archademy.com.br\/blog\/archaday-vitoria-2019\/"]}]},{"@type":"BreadcrumbList","@id":"https:\/\/www.archademy.com.br\/blog\/archaday-vitoria-2019\/#breadcrumb","itemListElement":[{"@type":"ListItem","position":1,"name":"In\u00edcio","item":"https:\/\/www.archademy.com.br\/blog\/"},{"@type":"ListItem","position":2,"name":"O maior SHOWCASE Arch&#038;Design do pa\u00eds desembarca em Vit\u00f3ria"}]},{"@type":"WebSite","@id":"https:\/\/www.archademy.com.br\/blog\/#website","url":"https:\/\/www.archademy.com.br\/blog\/","name":"Archademy","description":"Inova\u00e7\u00e3o Em Arquitetura e Design de Interiores","publisher":{"@id":"https:\/\/www.archademy.com.br\/blog\/#organization"},"potentialAction":[{"@type":"SearchAction","target":{"@type":"EntryPoint","urlTemplate":"https:\/\/www.archademy.com.br\/blog\/?s={search_term_string}"},"query-input":"required name=search_term_string"}],"inLanguage":"pt-BR"},{"@type":"Organization","@id":"https:\/\/www.archademy.com.br\/blog\/#organization","name":"Archademy","url":"https:\/\/www.archademy.com.br\/blog\/","sameAs":[],"logo":{"@type":"ImageObject","inLanguage":"pt-BR","@id":"https:\/\/www.archademy.com.br\/blog\/#\/schema\/logo\/image\/","url":"https:\/\/www.archademy.com.br\/blog\/wp-content\/uploads\/2019\/06\/archademy-logo-b.png","contentUrl":"https:\/\/www.archademy.com.br\/blog\/wp-content\/uploads\/2019\/06\/archademy-logo-b.png","width":322,"height":150,"caption":"Archademy"},"image":{"@id":"https:\/\/www.archademy.com.br\/blog\/#\/schema\/logo\/image\/"}},{"@type":"Person","@id":"https:\/\/www.archademy.com.br\/blog\/#\/schema\/person\/d131b6844bf56ba2aa334dee3461af65","name":"ArchaTeam","image":{"@type":"ImageObject","inLanguage":"pt-BR","@id":"https:\/\/www.archademy.com.br\/blog\/#\/schema\/person\/image\/","url":"https:\/\/www.archademy.com.br\/wp-content\/uploads\/2019\/04\/archa_simbolo-96x96.jpg","contentUrl":"https:\/\/www.archademy.com.br\/wp-content\/uploads\/2019\/04\/archa_simbolo-96x96.jpg","caption":"ArchaTeam"},"description":"Equipe @archademy.br","sameAs":["https:\/\/www.instagram.com\/archademy.br\/"],"url":"https:\/\/www.archademy.com.br\/blog\/author\/archanews\/"}]}},"taxonomies":[{"category_link":"https:\/\/www.archademy.com.br\/blog\/category\/destaques\/","category_name":"Destaques","category_id":36},{"category_link":"https:\/\/www.archademy.com.br\/blog\/category\/eventos\/","category_name":"Eventos","category_id":75}],"thumbnail_url":"https:\/\/www.archademy.com.br\/blog\/wp-content\/uploads\/2019\/10\/59778260_2089187441380378_7116744746294312960_o-1024x683.jpg","_links":{"self":[{"href":"https:\/\/www.archademy.com.br\/blog\/wp-json\/wp\/v2\/posts\/6119"}],"collection":[{"href":"https:\/\/www.archademy.com.br\/blog\/wp-json\/wp\/v2\/posts"}],"about":[{"href":"https:\/\/www.archademy.com.br\/blog\/wp-json\/wp\/v2\/types\/post"}],"author":[{"embeddable":true,"href":"https:\/\/www.archademy.com.br\/blog\/wp-json\/wp\/v2\/users\/2"}],"replies":[{"embeddable":true,"href":"https:\/\/www.archademy.com.br\/blog\/wp-json\/wp\/v2\/comments?post=6119"}],"version-history":[{"count":4,"href":"https:\/\/www.archademy.com.br\/blog\/wp-json\/wp\/v2\/posts\/6119\/revisions"}],"predecessor-version":[{"id":6124,"href":"https:\/\/www.archademy.com.br\/blog\/wp-json\/wp\/v2\/posts\/6119\/revisions\/6124"}],"wp:featuredmedia":[{"embeddable":true,"href":"https:\/\/www.archademy.com.br\/blog\/wp-json\/wp\/v2\/media\/6120"}],"wp:attachment":[{"href":"https:\/\/www.archademy.com.br\/blog\/wp-json\/wp\/v2\/media?parent=6119"}],"wp:term":[{"taxonomy":"category","embeddable":true,"href":"https:\/\/www.archademy.com.br\/blog\/wp-json\/wp\/v2\/categories?post=6119"},{"taxonomy":"post_tag","embeddable":true,"href":"https:\/\/www.archademy.com.br\/blog\/wp-json\/wp\/v2\/tags?post=6119"}],"curies":[{"name":"wp","href":"https:\/\/api.w.org\/{rel}","templated":true}]}}