{"id":7223,"date":"2020-02-19T14:40:57","date_gmt":"2020-02-19T17:40:57","guid":{"rendered":"https:\/\/www.archademy.com.br\/blog\/importancia-de-participar-de-eventos\/"},"modified":"2020-02-19T15:18:43","modified_gmt":"2020-02-19T18:18:43","slug":"importancia-de-participar-de-eventos","status":"publish","type":"post","link":"https:\/\/www.archademy.com.br\/blog\/importancia-de-participar-de-eventos\/","title":{"rendered":"Entenda agora a real import\u00e2ncia de participar de eventos de arquitetura"},"content":{"rendered":"<p>O ditado &#8220;quem n\u00e3o \u00e9 visto, n\u00e3o \u00e9 lembrado&#8221; n\u00e3o poderia ser mais verdadeiro. Essa ideia serve para pensarmos na grande disputa no mercado de trabalho, principalmente a <strong>import\u00e2ncia de participar de eventos<\/strong> e de se inserir numa rede de rela\u00e7\u00f5es profissionais.<\/p>\n<p>Por mais capacitada que uma pessoa seja na \u00e1rea em que atua, dificilmente ter\u00e1 o retorno que merece mantendo-se &#8220;escondida&#8221; no mercado, ou seja, n\u00e3o investindo na fomenta\u00e7\u00e3o de networking e em marketing pessoal.<\/p>\n<p>\u00c9 a\u00ed que est\u00e1 a import\u00e2ncia de participar de eventos, palestras e workshops, especialmente na \u00e1rea <strong>Arch&amp;Design<\/strong>, ramo bastante ligado \u00e0 autopromo\u00e7\u00e3o e que conta com eventos de peso, como o Archathon, a Bienal da Arquitetura e o Design Weekend.<\/p>\n<p>Se voc\u00ea tamb\u00e9m est\u00e1 \u00e0 procura de <strong>mais visibilidade<\/strong> e oportunidades para o seu trabalho, encontrou o lugar certo. A seguir, vamos explicar em mais detalhes a import\u00e2ncia de participar de eventos e dar sugest\u00f5es indispens\u00e1veis na \u00e1rea de Arch&amp;Design. Confira!<\/p>\n<h2>Por que os eventos de arquitetura s\u00e3o importantes para a carreira?<\/h2>\n<p>Veja alguns motivos para voc\u00ea nunca mais perder um evento profissional!<\/p>\n<h3>Manter-se atualizado<\/h3>\n<p>Conhecer de perto as tend\u00eancias da Arquitetura \u00e9 fundamental! Simp\u00f3sios, semin\u00e1rios, palestras e congressos podem mudar sua percep\u00e7\u00e3o sobre problemas comuns e lhe oferecer <strong>caminhos para desafios da sua \u00e1rea<\/strong>, como trabalhar com as pr\u00f3prias cria\u00e7\u00f5es, construir sua pr\u00f3pria identidade, <a href=\"https:\/\/www.archademy.com.br\/blog\/arquitetura-sustentavel\/\" target=\"_blank\" rel=\"noopener noreferrer\">utilizar materiais sustent\u00e1veis em seus projetos<\/a>, entre outros.<\/p>\n<p>\u00c9 comum ocorrer a participa\u00e7\u00e3o de profissionais not\u00e1veis e experientes nesses eventos. Eles costumam compartilhar ideias inovadoras, exemplos de novos servi\u00e7os e solu\u00e7\u00f5es para o consumidor.<\/p>\n<h3>Ampliar o networking<\/h3>\n<p>O <a href=\"https:\/\/www.archademy.com.br\/blog\/como-fazer-networking-mercado-arquitetura-confira-nossas-5-dicas\/\" target=\"_blank\" rel=\"noopener noreferrer\">networking<\/a> \u00e9 a rede de contatos que um profissional adquire ao longo da carreira para se conectar com outros com interesses similares e promover o seu trabalho. Participar de eventos \u00e9 uma \u00f3tima maneira de fomentar o networking!<\/p>\n<p>A troca de experi\u00eancias \u00e9 favorecida em momentos como coffee-breaks, almo\u00e7os e exerc\u00edcios em grupo. A import\u00e2ncia desse contato n\u00e3o consiste apenas na troca de informa\u00e7\u00f5es ou dicas, mas tamb\u00e9m na chance de <strong>conhecer potenciais parceiros e s\u00f3cios<\/strong>.<\/p>\n<h3>Ficar de olho na concorr\u00eancia<\/h3>\n<p>Nas discuss\u00f5es favorecidas por palestras e simp\u00f3sios, \u00e9 poss\u00edvel descobrir o que os colegas de profiss\u00e3o est\u00e3o fazendo, como lidam com os desafios da profiss\u00e3o, entre outros pontos.<\/p>\n<p>Em feiras, \u00e9 importante ser sol\u00edcito e observar a maneira como os concorrentes apresentam os servi\u00e7os. Esse pode ser um caminho para voc\u00ea <strong>conhecer melhor sua pr\u00f3pria empresa<\/strong>, avaliar as caracter\u00edsticas em comum da concorr\u00eancia e reconhecer &#8220;lacunas&#8221; que podem ser aproveitadas.<\/p>\n<h3>Conhecer novas tecnologias e solu\u00e7\u00f5es<\/h3>\n<p>Muitas tecnologias veem pautando o trabalho de arquitetos e designers, principalmente no que se refere \u00e0 gest\u00e3o e relacionamento com clientes. <a href=\"https:\/\/www.archademy.com.br\/blog\/projeto-3d\/\" target=\"_blank\" rel=\"noopener noreferrer\">Investir nas realidades virtual e aumentada<\/a> s\u00e3o grandes exemplos disso.<\/p>\n<p>Entender o impacto das atuais ferramentas em palestras e oficinas, al\u00e9m de conhecer de perto as tecnologias que est\u00e3o &#8220;saindo do forno&#8221;, podem lhe trazer ideias para otimizar sua rotina profissional.<\/p>\n<h2>Quais s\u00e3o os principais eventos de arquitetura e design no Brasil?<\/h2>\n<p>Um dos principais eventos da Arch&amp;Design \u00e9 o <strong>Archathon<\/strong>, o maior workshop de Arquitetura e Design das Am\u00e9ricas. Aqui o seu projeto ganha proje\u00e7\u00e3o nacional, voc\u00ea tem acesso aos produtos mais inovares e se conecta a refer\u00eancias do mercado.<\/p>\n<p>Outra oportunidade indispens\u00e1vel \u00e9 o <strong>Design Weekend<\/strong>. Classificado como a\u00a0maior semana de design da Am\u00e9rica do Sul, o festival re\u00fane milhares de profissionais. Para voc\u00ea ter uma ideia, em 2019, a semana contou com cerca de 300 atra\u00e7\u00f5es espalhadas por toda a cidade de S\u00e3o Paulo!<\/p>\n<p>Tamb\u00e9m vale a pena citar o <strong>Archaday<\/strong> (<a href=\"https:\/\/www.archademy.com.br\/blog\/archaday-vitoria-2019\/\" target=\"_blank\" rel=\"noopener noreferrer\">o maior showcase do pa\u00eds<\/a>), a <strong>Bienal Internacional de Arquitetura de S\u00e3o Paulo<\/strong>, a <strong>EXPOREVESTIR<\/strong> e\u00a0o <strong>Congresso Latino-Americano de Light Steel Frame<\/strong>!<\/p>\n<p>Agora que voc\u00ea conhece a import\u00e2ncia de participar de eventos, n\u00e3o perca as oportunidades de conhecer de perto as novidades do seu segmento. Al\u00e9m disso, mantenha-se atualizado com os conte\u00fados disponibilizados pela nossa plataforma. Na programa\u00e7\u00e3o da Archademy, voc\u00ea consegue encontrar os melhores eventos para Arquitetos e Designers.<\/p>\n<p>Ainda n\u00e3o conhece a Archademy? Temos a maior plataforma de apoio a escrit\u00f3rios Arch&amp;Design do Brasil para fomentar rela\u00e7\u00f5es comerciais entre profissionais da nossa \u00e1rea. Caso tenha alguma d\u00favida, <a href=\"https:\/\/www.archademy.com.br\/aceleradora\/contato\/\" target=\"_blank\" rel=\"noopener noreferrer\">entre em contato com a gente<\/a>!<\/p>\n","protected":false},"excerpt":{"rendered":"<p>O ditado &#8220;quem n\u00e3o \u00e9 visto, n\u00e3o \u00e9 lembrado&#8221; n\u00e3o poderia ser mais verdadeiro. Essa ideia serve para pensarmos na grande disputa no mercado de trabalho, principalmente a import\u00e2ncia de participar de eventos e de se inserir numa rede de rela\u00e7\u00f5es profissionais. Por mais capacitada que uma pessoa seja na \u00e1rea em que atua, dificilmente &hellip; <\/p>\n<p class=\"link-more\"><a href=\"https:\/\/www.archademy.com.br\/blog\/importancia-de-participar-de-eventos\/\" class=\"more-link\">Leia mais <span class=\"screen-reader-text\"> &#8220;Entenda agora a real import\u00e2ncia de participar de eventos de arquitetura&#8221;<\/span><\/a><\/p>\n","protected":false},"author":3,"featured_media":7230,"comment_status":"open","ping_status":"open","sticky":false,"template":"","format":"standard","meta":[],"categories":[36],"tags":[],"yoast_head":"<!-- This site is optimized with the Yoast SEO plugin v19.8 - https:\/\/yoast.com\/wordpress\/plugins\/seo\/ -->\n<title>Entenda agora a real import\u00e2ncia de participar de eventos de arquitetura - Archademy<\/title>\n<meta name=\"robots\" content=\"index, follow, max-snippet:-1, max-image-preview:large, max-video-preview:-1\" \/>\n<link rel=\"canonical\" href=\"https:\/\/www.archademy.com.br\/blog\/importancia-de-participar-de-eventos\/\" \/>\n<meta property=\"og:locale\" content=\"pt_BR\" \/>\n<meta property=\"og:type\" content=\"article\" \/>\n<meta property=\"og:title\" content=\"Entenda agora a real import\u00e2ncia de participar de eventos de arquitetura - Archademy\" \/>\n<meta property=\"og:description\" content=\"O ditado &#8220;quem n\u00e3o \u00e9 visto, n\u00e3o \u00e9 lembrado&#8221; n\u00e3o poderia ser mais verdadeiro. Essa ideia serve para pensarmos na grande disputa no mercado de trabalho, principalmente a import\u00e2ncia de participar de eventos e de se inserir numa rede de rela\u00e7\u00f5es profissionais. Por mais capacitada que uma pessoa seja na \u00e1rea em que atua, dificilmente &hellip; Leia mais &quot;Entenda agora a real import\u00e2ncia de participar de eventos de arquitetura&quot;\" \/>\n<meta property=\"og:url\" content=\"https:\/\/www.archademy.com.br\/blog\/importancia-de-participar-de-eventos\/\" \/>\n<meta property=\"og:site_name\" content=\"Archademy\" \/>\n<meta property=\"article:published_time\" content=\"2020-02-19T17:40:57+00:00\" \/>\n<meta property=\"article:modified_time\" content=\"2020-02-19T18:18:43+00:00\" \/>\n<meta property=\"og:image\" content=\"https:\/\/www.archademy.com.br\/blog\/wp-content\/uploads\/2020\/02\/20191126-DSC_8535.jpg\" \/>\n\t<meta property=\"og:image:width\" content=\"2048\" \/>\n\t<meta property=\"og:image:height\" content=\"1367\" \/>\n\t<meta property=\"og:image:type\" content=\"image\/jpeg\" \/>\n<meta name=\"author\" content=\"Anna Rafaela\" \/>\n<meta name=\"twitter:card\" content=\"summary_large_image\" \/>\n<meta name=\"twitter:label1\" content=\"Escrito por\" \/>\n\t<meta name=\"twitter:data1\" content=\"Anna Rafaela\" \/>\n\t<meta name=\"twitter:label2\" content=\"Est. tempo de leitura\" \/>\n\t<meta name=\"twitter:data2\" content=\"4 minutos\" \/>\n<script type=\"application\/ld+json\" class=\"yoast-schema-graph\">{\"@context\":\"https:\/\/schema.org\",\"@graph\":[{\"@type\":\"Article\",\"@id\":\"https:\/\/www.archademy.com.br\/blog\/importancia-de-participar-de-eventos\/#article\",\"isPartOf\":{\"@id\":\"https:\/\/www.archademy.com.br\/blog\/importancia-de-participar-de-eventos\/\"},\"author\":{\"name\":\"Anna Rafaela\",\"@id\":\"https:\/\/www.archademy.com.br\/blog\/#\/schema\/person\/93a41836827c98e2db07db5c883c6609\"},\"headline\":\"Entenda agora a real import\u00e2ncia de participar de eventos de arquitetura\",\"datePublished\":\"2020-02-19T17:40:57+00:00\",\"dateModified\":\"2020-02-19T18:18:43+00:00\",\"mainEntityOfPage\":{\"@id\":\"https:\/\/www.archademy.com.br\/blog\/importancia-de-participar-de-eventos\/\"},\"wordCount\":762,\"commentCount\":0,\"publisher\":{\"@id\":\"https:\/\/www.archademy.com.br\/blog\/#organization\"},\"articleSection\":[\"Destaques\"],\"inLanguage\":\"pt-BR\",\"potentialAction\":[{\"@type\":\"CommentAction\",\"name\":\"Comment\",\"target\":[\"https:\/\/www.archademy.com.br\/blog\/importancia-de-participar-de-eventos\/#respond\"]}]},{\"@type\":\"WebPage\",\"@id\":\"https:\/\/www.archademy.com.br\/blog\/importancia-de-participar-de-eventos\/\",\"url\":\"https:\/\/www.archademy.com.br\/blog\/importancia-de-participar-de-eventos\/\",\"name\":\"Entenda agora a real import\u00e2ncia de participar de eventos de arquitetura - Archademy\",\"isPartOf\":{\"@id\":\"https:\/\/www.archademy.com.br\/blog\/#website\"},\"datePublished\":\"2020-02-19T17:40:57+00:00\",\"dateModified\":\"2020-02-19T18:18:43+00:00\",\"breadcrumb\":{\"@id\":\"https:\/\/www.archademy.com.br\/blog\/importancia-de-participar-de-eventos\/#breadcrumb\"},\"inLanguage\":\"pt-BR\",\"potentialAction\":[{\"@type\":\"ReadAction\",\"target\":[\"https:\/\/www.archademy.com.br\/blog\/importancia-de-participar-de-eventos\/\"]}]},{\"@type\":\"BreadcrumbList\",\"@id\":\"https:\/\/www.archademy.com.br\/blog\/importancia-de-participar-de-eventos\/#breadcrumb\",\"itemListElement\":[{\"@type\":\"ListItem\",\"position\":1,\"name\":\"In\u00edcio\",\"item\":\"https:\/\/www.archademy.com.br\/blog\/\"},{\"@type\":\"ListItem\",\"position\":2,\"name\":\"Entenda agora a real import\u00e2ncia de participar de eventos de arquitetura\"}]},{\"@type\":\"WebSite\",\"@id\":\"https:\/\/www.archademy.com.br\/blog\/#website\",\"url\":\"https:\/\/www.archademy.com.br\/blog\/\",\"name\":\"Archademy\",\"description\":\"Inova\u00e7\u00e3o Em Arquitetura e Design de Interiores\",\"publisher\":{\"@id\":\"https:\/\/www.archademy.com.br\/blog\/#organization\"},\"potentialAction\":[{\"@type\":\"SearchAction\",\"target\":{\"@type\":\"EntryPoint\",\"urlTemplate\":\"https:\/\/www.archademy.com.br\/blog\/?s={search_term_string}\"},\"query-input\":\"required name=search_term_string\"}],\"inLanguage\":\"pt-BR\"},{\"@type\":\"Organization\",\"@id\":\"https:\/\/www.archademy.com.br\/blog\/#organization\",\"name\":\"Archademy\",\"url\":\"https:\/\/www.archademy.com.br\/blog\/\",\"sameAs\":[],\"logo\":{\"@type\":\"ImageObject\",\"inLanguage\":\"pt-BR\",\"@id\":\"https:\/\/www.archademy.com.br\/blog\/#\/schema\/logo\/image\/\",\"url\":\"https:\/\/www.archademy.com.br\/blog\/wp-content\/uploads\/2019\/06\/archademy-logo-b.png\",\"contentUrl\":\"https:\/\/www.archademy.com.br\/blog\/wp-content\/uploads\/2019\/06\/archademy-logo-b.png\",\"width\":322,\"height\":150,\"caption\":\"Archademy\"},\"image\":{\"@id\":\"https:\/\/www.archademy.com.br\/blog\/#\/schema\/logo\/image\/\"}},{\"@type\":\"Person\",\"@id\":\"https:\/\/www.archademy.com.br\/blog\/#\/schema\/person\/93a41836827c98e2db07db5c883c6609\",\"name\":\"Anna Rafaela\",\"image\":{\"@type\":\"ImageObject\",\"inLanguage\":\"pt-BR\",\"@id\":\"https:\/\/www.archademy.com.br\/blog\/#\/schema\/person\/image\/\",\"url\":\"https:\/\/secure.gravatar.com\/avatar\/8b6037c4c22d9b66d8f5ca681ec7052a?s=96&d=mm&r=g\",\"contentUrl\":\"https:\/\/secure.gravatar.com\/avatar\/8b6037c4c22d9b66d8f5ca681ec7052a?s=96&d=mm&r=g\",\"caption\":\"Anna Rafaela\"},\"url\":\"https:\/\/www.archademy.com.br\/blog\/author\/anna-rafhaela\/\"}]}<\/script>\n<!-- \/ Yoast SEO plugin. -->","yoast_head_json":{"title":"Entenda agora a real import\u00e2ncia de participar de eventos de arquitetura - Archademy","robots":{"index":"index","follow":"follow","max-snippet":"max-snippet:-1","max-image-preview":"max-image-preview:large","max-video-preview":"max-video-preview:-1"},"canonical":"https:\/\/www.archademy.com.br\/blog\/importancia-de-participar-de-eventos\/","og_locale":"pt_BR","og_type":"article","og_title":"Entenda agora a real import\u00e2ncia de participar de eventos de arquitetura - Archademy","og_description":"O ditado &#8220;quem n\u00e3o \u00e9 visto, n\u00e3o \u00e9 lembrado&#8221; n\u00e3o poderia ser mais verdadeiro. Essa ideia serve para pensarmos na grande disputa no mercado de trabalho, principalmente a import\u00e2ncia de participar de eventos e de se inserir numa rede de rela\u00e7\u00f5es profissionais. Por mais capacitada que uma pessoa seja na \u00e1rea em que atua, dificilmente &hellip; Leia mais \"Entenda agora a real import\u00e2ncia de participar de eventos de arquitetura\"","og_url":"https:\/\/www.archademy.com.br\/blog\/importancia-de-participar-de-eventos\/","og_site_name":"Archademy","article_published_time":"2020-02-19T17:40:57+00:00","article_modified_time":"2020-02-19T18:18:43+00:00","og_image":[{"width":2048,"height":1367,"url":"https:\/\/www.archademy.com.br\/blog\/wp-content\/uploads\/2020\/02\/20191126-DSC_8535.jpg","type":"image\/jpeg"}],"author":"Anna Rafaela","twitter_card":"summary_large_image","twitter_misc":{"Escrito por":"Anna Rafaela","Est. tempo de leitura":"4 minutos"},"schema":{"@context":"https:\/\/schema.org","@graph":[{"@type":"Article","@id":"https:\/\/www.archademy.com.br\/blog\/importancia-de-participar-de-eventos\/#article","isPartOf":{"@id":"https:\/\/www.archademy.com.br\/blog\/importancia-de-participar-de-eventos\/"},"author":{"name":"Anna Rafaela","@id":"https:\/\/www.archademy.com.br\/blog\/#\/schema\/person\/93a41836827c98e2db07db5c883c6609"},"headline":"Entenda agora a real import\u00e2ncia de participar de eventos de arquitetura","datePublished":"2020-02-19T17:40:57+00:00","dateModified":"2020-02-19T18:18:43+00:00","mainEntityOfPage":{"@id":"https:\/\/www.archademy.com.br\/blog\/importancia-de-participar-de-eventos\/"},"wordCount":762,"commentCount":0,"publisher":{"@id":"https:\/\/www.archademy.com.br\/blog\/#organization"},"articleSection":["Destaques"],"inLanguage":"pt-BR","potentialAction":[{"@type":"CommentAction","name":"Comment","target":["https:\/\/www.archademy.com.br\/blog\/importancia-de-participar-de-eventos\/#respond"]}]},{"@type":"WebPage","@id":"https:\/\/www.archademy.com.br\/blog\/importancia-de-participar-de-eventos\/","url":"https:\/\/www.archademy.com.br\/blog\/importancia-de-participar-de-eventos\/","name":"Entenda agora a real import\u00e2ncia de participar de eventos de arquitetura - Archademy","isPartOf":{"@id":"https:\/\/www.archademy.com.br\/blog\/#website"},"datePublished":"2020-02-19T17:40:57+00:00","dateModified":"2020-02-19T18:18:43+00:00","breadcrumb":{"@id":"https:\/\/www.archademy.com.br\/blog\/importancia-de-participar-de-eventos\/#breadcrumb"},"inLanguage":"pt-BR","potentialAction":[{"@type":"ReadAction","target":["https:\/\/www.archademy.com.br\/blog\/importancia-de-participar-de-eventos\/"]}]},{"@type":"BreadcrumbList","@id":"https:\/\/www.archademy.com.br\/blog\/importancia-de-participar-de-eventos\/#breadcrumb","itemListElement":[{"@type":"ListItem","position":1,"name":"In\u00edcio","item":"https:\/\/www.archademy.com.br\/blog\/"},{"@type":"ListItem","position":2,"name":"Entenda agora a real import\u00e2ncia de participar de eventos de arquitetura"}]},{"@type":"WebSite","@id":"https:\/\/www.archademy.com.br\/blog\/#website","url":"https:\/\/www.archademy.com.br\/blog\/","name":"Archademy","description":"Inova\u00e7\u00e3o Em Arquitetura e Design de Interiores","publisher":{"@id":"https:\/\/www.archademy.com.br\/blog\/#organization"},"potentialAction":[{"@type":"SearchAction","target":{"@type":"EntryPoint","urlTemplate":"https:\/\/www.archademy.com.br\/blog\/?s={search_term_string}"},"query-input":"required name=search_term_string"}],"inLanguage":"pt-BR"},{"@type":"Organization","@id":"https:\/\/www.archademy.com.br\/blog\/#organization","name":"Archademy","url":"https:\/\/www.archademy.com.br\/blog\/","sameAs":[],"logo":{"@type":"ImageObject","inLanguage":"pt-BR","@id":"https:\/\/www.archademy.com.br\/blog\/#\/schema\/logo\/image\/","url":"https:\/\/www.archademy.com.br\/blog\/wp-content\/uploads\/2019\/06\/archademy-logo-b.png","contentUrl":"https:\/\/www.archademy.com.br\/blog\/wp-content\/uploads\/2019\/06\/archademy-logo-b.png","width":322,"height":150,"caption":"Archademy"},"image":{"@id":"https:\/\/www.archademy.com.br\/blog\/#\/schema\/logo\/image\/"}},{"@type":"Person","@id":"https:\/\/www.archademy.com.br\/blog\/#\/schema\/person\/93a41836827c98e2db07db5c883c6609","name":"Anna Rafaela","image":{"@type":"ImageObject","inLanguage":"pt-BR","@id":"https:\/\/www.archademy.com.br\/blog\/#\/schema\/person\/image\/","url":"https:\/\/secure.gravatar.com\/avatar\/8b6037c4c22d9b66d8f5ca681ec7052a?s=96&d=mm&r=g","contentUrl":"https:\/\/secure.gravatar.com\/avatar\/8b6037c4c22d9b66d8f5ca681ec7052a?s=96&d=mm&r=g","caption":"Anna Rafaela"},"url":"https:\/\/www.archademy.com.br\/blog\/author\/anna-rafhaela\/"}]}},"taxonomies":[{"category_link":"https:\/\/www.archademy.com.br\/blog\/category\/destaques\/","category_name":"Destaques","category_id":36}],"thumbnail_url":"https:\/\/www.archademy.com.br\/blog\/wp-content\/uploads\/2020\/02\/20191126-DSC_8535-1024x684.jpg","_links":{"self":[{"href":"https:\/\/www.archademy.com.br\/blog\/wp-json\/wp\/v2\/posts\/7223"}],"collection":[{"href":"https:\/\/www.archademy.com.br\/blog\/wp-json\/wp\/v2\/posts"}],"about":[{"href":"https:\/\/www.archademy.com.br\/blog\/wp-json\/wp\/v2\/types\/post"}],"author":[{"embeddable":true,"href":"https:\/\/www.archademy.com.br\/blog\/wp-json\/wp\/v2\/users\/3"}],"replies":[{"embeddable":true,"href":"https:\/\/www.archademy.com.br\/blog\/wp-json\/wp\/v2\/comments?post=7223"}],"version-history":[{"count":1,"href":"https:\/\/www.archademy.com.br\/blog\/wp-json\/wp\/v2\/posts\/7223\/revisions"}],"predecessor-version":[{"id":7232,"href":"https:\/\/www.archademy.com.br\/blog\/wp-json\/wp\/v2\/posts\/7223\/revisions\/7232"}],"wp:featuredmedia":[{"embeddable":true,"href":"https:\/\/www.archademy.com.br\/blog\/wp-json\/wp\/v2\/media\/7230"}],"wp:attachment":[{"href":"https:\/\/www.archademy.com.br\/blog\/wp-json\/wp\/v2\/media?parent=7223"}],"wp:term":[{"taxonomy":"category","embeddable":true,"href":"https:\/\/www.archademy.com.br\/blog\/wp-json\/wp\/v2\/categories?post=7223"},{"taxonomy":"post_tag","embeddable":true,"href":"https:\/\/www.archademy.com.br\/blog\/wp-json\/wp\/v2\/tags?post=7223"}],"curies":[{"name":"wp","href":"https:\/\/api.w.org\/{rel}","templated":true}]}}