{"id":7315,"date":"2020-03-05T18:49:45","date_gmt":"2020-03-05T21:49:45","guid":{"rendered":"https:\/\/www.archademy.com.br\/blog\/design-de-ambientes-corporativos\/"},"modified":"2020-03-05T18:49:45","modified_gmt":"2020-03-05T21:49:45","slug":"design-de-ambientes-corporativos","status":"publish","type":"post","link":"https:\/\/www.archademy.com.br\/blog\/design-de-ambientes-corporativos\/","title":{"rendered":"Design de ambientes corporativos: o que as empresas buscam?"},"content":{"rendered":"<p>J\u00e1 reparou que o <strong>design de ambientes corporativos<\/strong> era completamente diferente do implementado hoje em dia? Isso porque, h\u00e1 algumas d\u00e9cadas, n\u00e3o se tinha a no\u00e7\u00e3o de humaniza\u00e7\u00e3o e descontra\u00e7\u00e3o no ambiente de trabalho. Hoje em dia, felizmente as coisas mudaram, gerando novos desafios para a \u00e1rea de Arch&amp;Design.<\/p>\n<p>Antigamente, o que imperavam eram mob\u00edlias austeras e cores s\u00f3brias; achava-se que qualquer coisa diferente disso tiraria o foco do trabalhador. Mas a mentalidade dos empregadores mudaram e se adaptaram a uma rela\u00e7\u00e3o de trabalho moderna. Sabemos que um funcion\u00e1rio confort\u00e1vel no seu ambiente de trabalho produz muito mais e melhor.<\/p>\n<p>\u00c9 importante que um arquiteto tenha essa ideia em mente ao elaborar um design de ambientes corporativos. Tamb\u00e9m se deve considerar o ramo de atua\u00e7\u00e3o da empresa (num escrit\u00f3rio jur\u00eddico, por exemplo, talvez n\u00e3o seja adequado tantas cores), de modo a criar um ambiente acolhedor para todos que utilizam esse espa\u00e7o.<\/p>\n<p>Quer saber algumas dicas sobre como criar um projeto corporativo incr\u00edvel? Ent\u00e3o, continue a leitura!<\/p>\n<h2>Qual \u00e9 a import\u00e2ncia dos projetos de arquitetura corporativa?<\/h2>\n<p>Principalmente nas grandes cidades, muitas pessoas passam mais tempo no trabalho do que em suas casas. Apesar de muitas organiza\u00e7\u00f5es adotarem jornadas de trabalho mais flex\u00edveis, em muitos setores esse cen\u00e1rio ainda representa um grande desafio, como em escrit\u00f3rios de publicidade e outras \u00e1reas que lidam com cria\u00e7\u00e3o.<\/p>\n<p>Diante desse problema, \u00e9 essencial que o ambiente de trabalho seja acolhedor e humanizado, oferecendo aos funcion\u00e1rios as condi\u00e7\u00f5es de trabalho necess\u00e1rias para que possam desempenhar suas fun\u00e7\u00f5es com plenitude.<\/p>\n<p><strong>\u00c9 a partir dessa demanda que surge a grande preocupa\u00e7\u00e3o com o design de ambientes corporativos<\/strong>. As empresas buscam adaptar mob\u00edlias, cores e salas aos seus funcion\u00e1rios com a ajuda de profissionais que possam criar <a href=\"https:\/\/www.archademy.com.br\/blog\/como-cobrar-projeto-de-arquitetura\/\" target=\"_blank\" rel=\"noopener noreferrer\">projetos de arquitetura<\/a> aut\u00eanticos, que contem a hist\u00f3ria e transmita a mensagem da marca.<\/p>\n<p>O arquiteto ou designer de interiores respons\u00e1vel precisa fazer com que as necessidades da empresa sejam supridas e criar um ambiente funcional, que n\u00e3o ofere\u00e7a barreiras para a produtividade do funcion\u00e1rio e propicie conforto e bem-estar.<\/p>\n<p><strong>Trata-se de um investimento que previne diversos gastos, al\u00e9m de melhorar a assiduidade e pontualidade dos funcion\u00e1rios. <\/strong><\/p>\n<p>Profissionais de Arch&amp;Design bem qualificados devem fazer um planejamento adequado para obter um resultado alinhado \u00e0s principais tend\u00eancias do segmento e que, sobretudo, atenda \u00e0s necessidades da empresa.<\/p>\n<h2>Como fazer um bom design de ambientes corporativos?<\/h2>\n<p>Se voc\u00ea est\u00e1 pensando em focar nesse ramo, veja logo abaixo as nossas dicas sobre as tend\u00eancias do <a href=\"https:\/\/www.archademy.com.br\/blog\/arquitetura-conheca-o-mercado\/\" target=\"_blank\" rel=\"noopener noreferrer\">mercado<\/a> para entregar os melhores projetos aos clientes. Confira!<\/p>\n<h3>Planejamento do projeto<\/h3>\n<p>Como j\u00e1 foi dito, a no\u00e7\u00e3o de arquitetura para empresas mudou bastante nas \u00faltimas d\u00e9cadas, e o profissional deve pautar os projetos a partir do cen\u00e1rio atual. Um design de ambiente corporativo bem feito estimular a comunica\u00e7\u00e3o e a intera\u00e7\u00e3o entre colegas de trabalho, ao <strong>priorizar ambientes abertos e espa\u00e7os que facilitem o uso de tecnologia<\/strong>.<\/p>\n<h3>Disposi\u00e7\u00e3o de bancadas e mobili\u00e1rios e ergonomia<\/h3>\n<p>A tend\u00eancia atual \u00e9 abandonar bancadas com divis\u00f3rios e de cores frias para substitu\u00ed-las por mesas grandes, que possam ser compartilhadas pelos funcion\u00e1rios, de prefer\u00eancia acomodando toda a equipe. Pode-se, por exemplo, optar por um m\u00f3vel em formato circular ou mesas retangulares lado a lado, de modo que todos dividam o mesmo espa\u00e7o.<\/p>\n<\/p>\n<p>A ergonomia em si diz respeito ao estudo das condi\u00e7\u00f5es ideais para que os colaboradores se sintam seguros, saud\u00e1veis e, consequentemente, aumentem a sua produtividade. Se bem aplicados, os procedimentos ergon\u00f4micos s\u00e3o primordiais para os neg\u00f3cios e na percep\u00e7\u00e3o positiva de todos. Podemos dizer que a ergonomia no trabalho oferece ao indiv\u00edduo, o conforto adequado e os m\u00e9todos de preven\u00e7\u00e3o de acidentes e de patologias especificas para cada tipo de atividade executada.<\/p>\n<h3>Tonalidades de paredes e m\u00f3veis<\/h3>\n<p>Todo o arquite e designer conhece o <strong>poder que as cores t\u00eam em despertar as mais variadas emo\u00e7\u00f5es no ser humano<\/strong>. Um escrit\u00f3rio onde s\u00f3 h\u00e1 cores frias e s\u00f3brias, com tonalidades mais escuras, pode estimular a procrastina\u00e7\u00e3o e apatia das pessoas que ali est\u00e3o inseridas, o que pode prejudicar o desempenho de uma empresa como um todo.<\/p>\n<p>Cores quentes, por sua vez, como o laranja, amarelo e vermelho, est\u00e3o relacionadas \u00e0 a\u00e7\u00e3o e estimulam a criatividade. S\u00e3o \u00f3timas para organiza\u00e7\u00f5es que lidam com cria\u00e7\u00e3o, como marketing, publicidade e tecnologia. De todo modo, \u00e9 importante cautela para n\u00e3o sobrecarregar o ambiente, j\u00e1 que essas cores em excesso podem causar irrita\u00e7\u00e3o.<\/p>\n<p>O ideal \u00e9 equilibrar o colorido com cores neutras (cinza, marrom, branco e bege) para estimular, ao mesmo tempo, produtividade e sensa\u00e7\u00e3o de conforto. Numa organiza\u00e7\u00e3o cujo ramo de atua\u00e7\u00e3o \u00e9 pautado em austeridade, como a jur\u00eddica, pode-se usar cores frias e claras, al\u00e9m de adicionar vasos, esculturas e outros objetivos decorativos de cores quentes.<\/p>\n<h3>Prioriza\u00e7\u00e3o do conforto dos funcion\u00e1rios<\/h3>\n<p>Al\u00e9m de mesas grandes, \u00e9 preciso investir em <strong>cadeiras confort\u00e1veis e que atendam a todos os quesitos de ergonomia<\/strong>, devendo ser ajust\u00e1veis aos variados perfis f\u00edsicos.<\/p>\n<p>Al\u00e9m disso, disponibilizar gavetas, arm\u00e1rios e nichos para que os funcion\u00e1rios organizem seus pertences, sejam eles pessoais ou de trabalho, \u00e9 uma \u00f3tima maneira de propiciar conforto aos colaboradores.<\/p>\n<p>Dependendo das necessidades colocadas em <a href=\"https:\/\/www.archademy.com.br\/blog\/5-dicas-de-como-conduzir-uma-reuniao-com-clientes-para-obter-sucesso\/\" target=\"_blank\" rel=\"noopener noreferrer\">reuni\u00f5es com os clientes<\/a>, veja a possibilidade de inserir banheiros com duchas. Os funcion\u00e1rios podem passar a maior parte de seus dias na empresa, al\u00e9m de haver aqueles que enfrentam dificuldades com meios de transporte. Esse simples detalhe do design contribui para a humaniza\u00e7\u00e3o do espa\u00e7o de trabalho.<\/p>\n<h3>Ilumina\u00e7\u00e3o<\/h3>\n<p>Um ambiente de trabalho escuro pode prejudicar seriamente a produtividade de uma equipe, al\u00e9m de deixar o local com um aspecto sombrio. A fim de evitar que esse tipo de problema, \u00e9 importante que a <a href=\"https:\/\/www.archademy.com.br\/blog\/iluminacao-para-banheiro\/\" target=\"_blank\" rel=\"noopener noreferrer\">ilumina\u00e7\u00e3o<\/a> natural seja valorizada. Para isso, o projeto pode contar com a constru\u00e7\u00e3o de janelas e cortinas que controlem a incid\u00eancia de luz.<\/p>\n<p>Outra boa dica \u00e9 evitar o uso de l\u00e2mpadas brancas fluorescentes, uma vez que esse tipo de ilumina\u00e7\u00e3o \u00e9 muito frio e pode incomodar os funcion\u00e1rios. Dependendo do projeto, <strong>estude a possibilidade de usar l\u00e2mpadas de LED: al\u00e9m de serem mais econ\u00f4micas, produzem uma luz mais quente<\/strong>.<\/p>\n<p>Um bom design de ambientes corporativos faz toda a diferen\u00e7a na qualidade do trabalho desempenhado por uma equipe. Nesse sentido, cabe aos <a href=\"https:\/\/www.archademy.com.br\/blog\/ago-19-como-elaborar-um-plano-de-negocios-para-um-escritorio-de-arquitetura\/\" target=\"_blank\" rel=\"noopener noreferrer\">escrit\u00f3rios de Arch&amp;Design<\/a> se preocuparem com as tend\u00eancias atuais do segmento e criarem projetos aut\u00eanticos, baseados nas necessidades e objetivos da empresa cliente.<\/p>\n<p>Gostou do artigo? Aproveite e siga nossas p\u00e1ginas nas redes sociais para ficar por dentro de todas as novidades sobre o universo da arquitetura e design. Estamos no <a href=\"https:\/\/www.instagram.com\/archademy.br\/\" target=\"_blank\" rel=\"noopener noreferrer\">Instagram<\/a> e <a href=\"https:\/\/www.facebook.com\/archademy\/\" target=\"_blank\" rel=\"noopener noreferrer\">Facebook<\/a>.<\/p>\n","protected":false},"excerpt":{"rendered":"<p>J\u00e1 reparou que o design de ambientes corporativos era completamente diferente do implementado hoje em dia? Isso porque, h\u00e1 algumas d\u00e9cadas, n\u00e3o se tinha a no\u00e7\u00e3o de humaniza\u00e7\u00e3o e descontra\u00e7\u00e3o no ambiente de trabalho. Hoje em dia, felizmente as coisas mudaram, gerando novos desafios para a \u00e1rea de Arch&amp;Design. Antigamente, o que imperavam eram mob\u00edlias &hellip; <\/p>\n<p class=\"link-more\"><a href=\"https:\/\/www.archademy.com.br\/blog\/design-de-ambientes-corporativos\/\" class=\"more-link\">Leia mais <span class=\"screen-reader-text\"> &#8220;Design de ambientes corporativos: o que as empresas buscam?&#8221;<\/span><\/a><\/p>\n","protected":false},"author":2,"featured_media":7316,"comment_status":"open","ping_status":"open","sticky":false,"template":"","format":"standard","meta":[],"categories":[36],"tags":[],"yoast_head":"<!-- This site is optimized with the Yoast SEO plugin v19.8 - https:\/\/yoast.com\/wordpress\/plugins\/seo\/ -->\n<title>Design de ambientes corporativos: o que as empresas buscam? - Archademy<\/title>\n<meta name=\"robots\" content=\"index, follow, max-snippet:-1, max-image-preview:large, max-video-preview:-1\" \/>\n<link rel=\"canonical\" href=\"https:\/\/www.archademy.com.br\/blog\/design-de-ambientes-corporativos\/\" \/>\n<meta property=\"og:locale\" content=\"pt_BR\" \/>\n<meta property=\"og:type\" content=\"article\" \/>\n<meta property=\"og:title\" content=\"Design de ambientes corporativos: o que as empresas buscam? - Archademy\" \/>\n<meta property=\"og:description\" content=\"J\u00e1 reparou que o design de ambientes corporativos era completamente diferente do implementado hoje em dia? Isso porque, h\u00e1 algumas d\u00e9cadas, n\u00e3o se tinha a no\u00e7\u00e3o de humaniza\u00e7\u00e3o e descontra\u00e7\u00e3o no ambiente de trabalho. Hoje em dia, felizmente as coisas mudaram, gerando novos desafios para a \u00e1rea de Arch&amp;Design. Antigamente, o que imperavam eram mob\u00edlias &hellip; Leia mais &quot;Design de ambientes corporativos: o que as empresas buscam?&quot;\" \/>\n<meta property=\"og:url\" content=\"https:\/\/www.archademy.com.br\/blog\/design-de-ambientes-corporativos\/\" \/>\n<meta property=\"og:site_name\" content=\"Archademy\" \/>\n<meta property=\"article:published_time\" content=\"2020-03-05T21:49:45+00:00\" \/>\n<meta property=\"og:image\" content=\"https:\/\/www.archademy.com.br\/blog\/wp-content\/uploads\/2020\/03\/original-6b3d7c1f485bcbb59f7f0818c0e6ac98.jpeg\" \/>\n\t<meta property=\"og:image:width\" content=\"1280\" \/>\n\t<meta property=\"og:image:height\" content=\"854\" \/>\n\t<meta property=\"og:image:type\" content=\"image\/jpeg\" \/>\n<meta name=\"author\" content=\"ArchaTeam\" \/>\n<meta name=\"twitter:card\" content=\"summary_large_image\" \/>\n<meta name=\"twitter:label1\" content=\"Escrito por\" \/>\n\t<meta name=\"twitter:data1\" content=\"ArchaTeam\" \/>\n\t<meta name=\"twitter:label2\" content=\"Est. tempo de leitura\" \/>\n\t<meta name=\"twitter:data2\" content=\"6 minutos\" \/>\n<script type=\"application\/ld+json\" class=\"yoast-schema-graph\">{\"@context\":\"https:\/\/schema.org\",\"@graph\":[{\"@type\":\"Article\",\"@id\":\"https:\/\/www.archademy.com.br\/blog\/design-de-ambientes-corporativos\/#article\",\"isPartOf\":{\"@id\":\"https:\/\/www.archademy.com.br\/blog\/design-de-ambientes-corporativos\/\"},\"author\":{\"name\":\"ArchaTeam\",\"@id\":\"https:\/\/www.archademy.com.br\/blog\/#\/schema\/person\/d131b6844bf56ba2aa334dee3461af65\"},\"headline\":\"Design de ambientes corporativos: o que as empresas buscam?\",\"datePublished\":\"2020-03-05T21:49:45+00:00\",\"dateModified\":\"2020-03-05T21:49:45+00:00\",\"mainEntityOfPage\":{\"@id\":\"https:\/\/www.archademy.com.br\/blog\/design-de-ambientes-corporativos\/\"},\"wordCount\":1184,\"commentCount\":0,\"publisher\":{\"@id\":\"https:\/\/www.archademy.com.br\/blog\/#organization\"},\"articleSection\":[\"Destaques\"],\"inLanguage\":\"pt-BR\",\"potentialAction\":[{\"@type\":\"CommentAction\",\"name\":\"Comment\",\"target\":[\"https:\/\/www.archademy.com.br\/blog\/design-de-ambientes-corporativos\/#respond\"]}]},{\"@type\":\"WebPage\",\"@id\":\"https:\/\/www.archademy.com.br\/blog\/design-de-ambientes-corporativos\/\",\"url\":\"https:\/\/www.archademy.com.br\/blog\/design-de-ambientes-corporativos\/\",\"name\":\"Design de ambientes corporativos: o que as empresas buscam? - Archademy\",\"isPartOf\":{\"@id\":\"https:\/\/www.archademy.com.br\/blog\/#website\"},\"datePublished\":\"2020-03-05T21:49:45+00:00\",\"dateModified\":\"2020-03-05T21:49:45+00:00\",\"breadcrumb\":{\"@id\":\"https:\/\/www.archademy.com.br\/blog\/design-de-ambientes-corporativos\/#breadcrumb\"},\"inLanguage\":\"pt-BR\",\"potentialAction\":[{\"@type\":\"ReadAction\",\"target\":[\"https:\/\/www.archademy.com.br\/blog\/design-de-ambientes-corporativos\/\"]}]},{\"@type\":\"BreadcrumbList\",\"@id\":\"https:\/\/www.archademy.com.br\/blog\/design-de-ambientes-corporativos\/#breadcrumb\",\"itemListElement\":[{\"@type\":\"ListItem\",\"position\":1,\"name\":\"In\u00edcio\",\"item\":\"https:\/\/www.archademy.com.br\/blog\/\"},{\"@type\":\"ListItem\",\"position\":2,\"name\":\"Design de ambientes corporativos: o que as empresas buscam?\"}]},{\"@type\":\"WebSite\",\"@id\":\"https:\/\/www.archademy.com.br\/blog\/#website\",\"url\":\"https:\/\/www.archademy.com.br\/blog\/\",\"name\":\"Archademy\",\"description\":\"Inova\u00e7\u00e3o Em Arquitetura e Design de Interiores\",\"publisher\":{\"@id\":\"https:\/\/www.archademy.com.br\/blog\/#organization\"},\"potentialAction\":[{\"@type\":\"SearchAction\",\"target\":{\"@type\":\"EntryPoint\",\"urlTemplate\":\"https:\/\/www.archademy.com.br\/blog\/?s={search_term_string}\"},\"query-input\":\"required name=search_term_string\"}],\"inLanguage\":\"pt-BR\"},{\"@type\":\"Organization\",\"@id\":\"https:\/\/www.archademy.com.br\/blog\/#organization\",\"name\":\"Archademy\",\"url\":\"https:\/\/www.archademy.com.br\/blog\/\",\"sameAs\":[],\"logo\":{\"@type\":\"ImageObject\",\"inLanguage\":\"pt-BR\",\"@id\":\"https:\/\/www.archademy.com.br\/blog\/#\/schema\/logo\/image\/\",\"url\":\"https:\/\/www.archademy.com.br\/blog\/wp-content\/uploads\/2019\/06\/archademy-logo-b.png\",\"contentUrl\":\"https:\/\/www.archademy.com.br\/blog\/wp-content\/uploads\/2019\/06\/archademy-logo-b.png\",\"width\":322,\"height\":150,\"caption\":\"Archademy\"},\"image\":{\"@id\":\"https:\/\/www.archademy.com.br\/blog\/#\/schema\/logo\/image\/\"}},{\"@type\":\"Person\",\"@id\":\"https:\/\/www.archademy.com.br\/blog\/#\/schema\/person\/d131b6844bf56ba2aa334dee3461af65\",\"name\":\"ArchaTeam\",\"image\":{\"@type\":\"ImageObject\",\"inLanguage\":\"pt-BR\",\"@id\":\"https:\/\/www.archademy.com.br\/blog\/#\/schema\/person\/image\/\",\"url\":\"https:\/\/www.archademy.com.br\/wp-content\/uploads\/2019\/04\/archa_simbolo-96x96.jpg\",\"contentUrl\":\"https:\/\/www.archademy.com.br\/wp-content\/uploads\/2019\/04\/archa_simbolo-96x96.jpg\",\"caption\":\"ArchaTeam\"},\"description\":\"Equipe @archademy.br\",\"sameAs\":[\"https:\/\/www.instagram.com\/archademy.br\/\"],\"url\":\"https:\/\/www.archademy.com.br\/blog\/author\/archanews\/\"}]}<\/script>\n<!-- \/ Yoast SEO plugin. -->","yoast_head_json":{"title":"Design de ambientes corporativos: o que as empresas buscam? - Archademy","robots":{"index":"index","follow":"follow","max-snippet":"max-snippet:-1","max-image-preview":"max-image-preview:large","max-video-preview":"max-video-preview:-1"},"canonical":"https:\/\/www.archademy.com.br\/blog\/design-de-ambientes-corporativos\/","og_locale":"pt_BR","og_type":"article","og_title":"Design de ambientes corporativos: o que as empresas buscam? - Archademy","og_description":"J\u00e1 reparou que o design de ambientes corporativos era completamente diferente do implementado hoje em dia? Isso porque, h\u00e1 algumas d\u00e9cadas, n\u00e3o se tinha a no\u00e7\u00e3o de humaniza\u00e7\u00e3o e descontra\u00e7\u00e3o no ambiente de trabalho. Hoje em dia, felizmente as coisas mudaram, gerando novos desafios para a \u00e1rea de Arch&amp;Design. Antigamente, o que imperavam eram mob\u00edlias &hellip; Leia mais \"Design de ambientes corporativos: o que as empresas buscam?\"","og_url":"https:\/\/www.archademy.com.br\/blog\/design-de-ambientes-corporativos\/","og_site_name":"Archademy","article_published_time":"2020-03-05T21:49:45+00:00","og_image":[{"width":1280,"height":854,"url":"https:\/\/www.archademy.com.br\/blog\/wp-content\/uploads\/2020\/03\/original-6b3d7c1f485bcbb59f7f0818c0e6ac98.jpeg","type":"image\/jpeg"}],"author":"ArchaTeam","twitter_card":"summary_large_image","twitter_misc":{"Escrito por":"ArchaTeam","Est. tempo de leitura":"6 minutos"},"schema":{"@context":"https:\/\/schema.org","@graph":[{"@type":"Article","@id":"https:\/\/www.archademy.com.br\/blog\/design-de-ambientes-corporativos\/#article","isPartOf":{"@id":"https:\/\/www.archademy.com.br\/blog\/design-de-ambientes-corporativos\/"},"author":{"name":"ArchaTeam","@id":"https:\/\/www.archademy.com.br\/blog\/#\/schema\/person\/d131b6844bf56ba2aa334dee3461af65"},"headline":"Design de ambientes corporativos: o que as empresas buscam?","datePublished":"2020-03-05T21:49:45+00:00","dateModified":"2020-03-05T21:49:45+00:00","mainEntityOfPage":{"@id":"https:\/\/www.archademy.com.br\/blog\/design-de-ambientes-corporativos\/"},"wordCount":1184,"commentCount":0,"publisher":{"@id":"https:\/\/www.archademy.com.br\/blog\/#organization"},"articleSection":["Destaques"],"inLanguage":"pt-BR","potentialAction":[{"@type":"CommentAction","name":"Comment","target":["https:\/\/www.archademy.com.br\/blog\/design-de-ambientes-corporativos\/#respond"]}]},{"@type":"WebPage","@id":"https:\/\/www.archademy.com.br\/blog\/design-de-ambientes-corporativos\/","url":"https:\/\/www.archademy.com.br\/blog\/design-de-ambientes-corporativos\/","name":"Design de ambientes corporativos: o que as empresas buscam? - Archademy","isPartOf":{"@id":"https:\/\/www.archademy.com.br\/blog\/#website"},"datePublished":"2020-03-05T21:49:45+00:00","dateModified":"2020-03-05T21:49:45+00:00","breadcrumb":{"@id":"https:\/\/www.archademy.com.br\/blog\/design-de-ambientes-corporativos\/#breadcrumb"},"inLanguage":"pt-BR","potentialAction":[{"@type":"ReadAction","target":["https:\/\/www.archademy.com.br\/blog\/design-de-ambientes-corporativos\/"]}]},{"@type":"BreadcrumbList","@id":"https:\/\/www.archademy.com.br\/blog\/design-de-ambientes-corporativos\/#breadcrumb","itemListElement":[{"@type":"ListItem","position":1,"name":"In\u00edcio","item":"https:\/\/www.archademy.com.br\/blog\/"},{"@type":"ListItem","position":2,"name":"Design de ambientes corporativos: o que as empresas buscam?"}]},{"@type":"WebSite","@id":"https:\/\/www.archademy.com.br\/blog\/#website","url":"https:\/\/www.archademy.com.br\/blog\/","name":"Archademy","description":"Inova\u00e7\u00e3o Em Arquitetura e Design de Interiores","publisher":{"@id":"https:\/\/www.archademy.com.br\/blog\/#organization"},"potentialAction":[{"@type":"SearchAction","target":{"@type":"EntryPoint","urlTemplate":"https:\/\/www.archademy.com.br\/blog\/?s={search_term_string}"},"query-input":"required name=search_term_string"}],"inLanguage":"pt-BR"},{"@type":"Organization","@id":"https:\/\/www.archademy.com.br\/blog\/#organization","name":"Archademy","url":"https:\/\/www.archademy.com.br\/blog\/","sameAs":[],"logo":{"@type":"ImageObject","inLanguage":"pt-BR","@id":"https:\/\/www.archademy.com.br\/blog\/#\/schema\/logo\/image\/","url":"https:\/\/www.archademy.com.br\/blog\/wp-content\/uploads\/2019\/06\/archademy-logo-b.png","contentUrl":"https:\/\/www.archademy.com.br\/blog\/wp-content\/uploads\/2019\/06\/archademy-logo-b.png","width":322,"height":150,"caption":"Archademy"},"image":{"@id":"https:\/\/www.archademy.com.br\/blog\/#\/schema\/logo\/image\/"}},{"@type":"Person","@id":"https:\/\/www.archademy.com.br\/blog\/#\/schema\/person\/d131b6844bf56ba2aa334dee3461af65","name":"ArchaTeam","image":{"@type":"ImageObject","inLanguage":"pt-BR","@id":"https:\/\/www.archademy.com.br\/blog\/#\/schema\/person\/image\/","url":"https:\/\/www.archademy.com.br\/wp-content\/uploads\/2019\/04\/archa_simbolo-96x96.jpg","contentUrl":"https:\/\/www.archademy.com.br\/wp-content\/uploads\/2019\/04\/archa_simbolo-96x96.jpg","caption":"ArchaTeam"},"description":"Equipe @archademy.br","sameAs":["https:\/\/www.instagram.com\/archademy.br\/"],"url":"https:\/\/www.archademy.com.br\/blog\/author\/archanews\/"}]}},"taxonomies":[{"category_link":"https:\/\/www.archademy.com.br\/blog\/category\/destaques\/","category_name":"Destaques","category_id":36}],"thumbnail_url":"https:\/\/www.archademy.com.br\/blog\/wp-content\/uploads\/2020\/03\/original-6b3d7c1f485bcbb59f7f0818c0e6ac98-1024x683.jpeg","_links":{"self":[{"href":"https:\/\/www.archademy.com.br\/blog\/wp-json\/wp\/v2\/posts\/7315"}],"collection":[{"href":"https:\/\/www.archademy.com.br\/blog\/wp-json\/wp\/v2\/posts"}],"about":[{"href":"https:\/\/www.archademy.com.br\/blog\/wp-json\/wp\/v2\/types\/post"}],"author":[{"embeddable":true,"href":"https:\/\/www.archademy.com.br\/blog\/wp-json\/wp\/v2\/users\/2"}],"replies":[{"embeddable":true,"href":"https:\/\/www.archademy.com.br\/blog\/wp-json\/wp\/v2\/comments?post=7315"}],"version-history":[{"count":0,"href":"https:\/\/www.archademy.com.br\/blog\/wp-json\/wp\/v2\/posts\/7315\/revisions"}],"wp:featuredmedia":[{"embeddable":true,"href":"https:\/\/www.archademy.com.br\/blog\/wp-json\/wp\/v2\/media\/7316"}],"wp:attachment":[{"href":"https:\/\/www.archademy.com.br\/blog\/wp-json\/wp\/v2\/media?parent=7315"}],"wp:term":[{"taxonomy":"category","embeddable":true,"href":"https:\/\/www.archademy.com.br\/blog\/wp-json\/wp\/v2\/categories?post=7315"},{"taxonomy":"post_tag","embeddable":true,"href":"https:\/\/www.archademy.com.br\/blog\/wp-json\/wp\/v2\/tags?post=7315"}],"curies":[{"name":"wp","href":"https:\/\/api.w.org\/{rel}","templated":true}]}}