{"id":7702,"date":"2020-09-16T16:29:38","date_gmt":"2020-09-16T19:29:38","guid":{"rendered":"http:\/\/www.archademy.com.br\/blog\/?p=7702"},"modified":"2020-09-16T16:29:38","modified_gmt":"2020-09-16T19:29:38","slug":"neuroarquitetura-entenda-como-criar-espacos-para-estimular-o-bem-estar","status":"publish","type":"post","link":"https:\/\/www.archademy.com.br\/blog\/neuroarquitetura-entenda-como-criar-espacos-para-estimular-o-bem-estar\/","title":{"rendered":"Neuroarquitetura: entenda como criar espa\u00e7os para estimular o bem-estar"},"content":{"rendered":"\r\n<p>Voc\u00ea conhece a neuroarquitetura? O termo refere-se ao estudo da neuroci\u00eancia aplicada \u00e0 arquitetura. Em outras palavras, como o ambiente f\u00edsico impacta em nosso c\u00e9rebro.\u00a0\u201cQuando aplicada ao dia a dia, a neuroarquitetura pode melhorar a qualidade vida\u201d, destaca a arquiteta Priscilla Bencke, especialista na \u00e1rea.<\/p>\r\n<p>A neuroarquitetura est\u00e1 come\u00e7ando a conquistar seu espa\u00e7o no Brasil, mas ainda voltado para os projetos corporativos que visam estimular a produtividade dos funcion\u00e1rios, melhorar o foco e a concentra\u00e7\u00e3o. Entretanto, tamb\u00e9m \u00e9 poss\u00edvel aplicar a t\u00e9cnica em casa para criar um ambiente confort\u00e1vel e relaxante.<br \/><br \/>Em uma escala menor que a da constru\u00e7\u00e3o, a neuroarquitetura tamb\u00e9m pode ser aplicada ao mobili\u00e1rio, ajudando a tornar os ambientes mais confort\u00e1veis, gerando experi\u00eancias agrad\u00e1veis, estimulando emo\u00e7\u00f5es saud\u00e1veis e trazendo recompensas para os usu\u00e1rios desses ambientes.<\/p>\r\n<h2><span style=\"color: #993366;\"><strong>Afinal, o que \u00e9 neuroarquitetura?<\/strong><\/span><\/h2>\r\n<p><br \/>Os espa\u00e7os arquitet\u00f4nicos funcionam como esp\u00e9cies de \u00e2ncoras para a mem\u00f3ria. Encontramos nosso lugar na sala por meio de nossa percep\u00e7\u00e3o sensorial; o c\u00e9rebro faz uso de superf\u00edcies e sistemas espaciais para armazenar e organizar o mundo em que vivemos. A compreens\u00e3o desse princ\u00edpio forma a base para a transfer\u00eancia dos resultados de pesquisas neurocient\u00edficas recentes para a pr\u00e1tica arquitet\u00f4nica.<br \/><br \/>Nesse contexto, a neuroarquitetura conecta a neuroci\u00eancia, a teoria da percep\u00e7\u00e3o e a psicologia da Gestalt, \u00e0 arquitetura, em uma abordagem hol\u00edstica que se concentra nas leis da forma\u00e7\u00e3o de estruturas e no movimento do indiv\u00edduo dentro do espa\u00e7o arquitet\u00f4nico.<br \/><br \/>Determinados aspectos dos ambientes fazem o c\u00e9rebro desenvolver certas emo\u00e7\u00f5es e sensa\u00e7\u00f5es. Com isso, a neuroci\u00eancia fornece pistas valiosas para os arquitetos sobre como criar e distribuir espa\u00e7os que estimulem esses resultados.<\/p>\r\n<p>N\u00f3s passamos 90% do tempo em ambientes contru\u00eddos, por isso a maioria das nossas mem\u00f3rias e momentos marcantes est\u00e3o ligadas \u00e0 um ambiente f\u00edsico. Com isso, deve-se levar em considera\u00e7\u00e3o o impacto que o ambiente pode causar nas emo\u00e7\u00f5es e gerar mem\u00f3rias positivas na vida das pessoas.<\/p>\r\n<h2><span style=\"color: #993366;\">Como criar ambientes corporativos que impactam nas mem\u00f3rias?<\/span><\/h2>\r\n<p><span style=\"color: #993366;\"><strong>1. Ambientes sensoriais:<\/strong> <\/span>Estimular os sentidos das pessoas \u00e9 muito importante para a neuroarquitetura. Isso pode ser feito atrav\u00e9s do uso de cores e texturas diferenciadas.<\/p>\r\n<figure id=\"attachment_7671\" aria-describedby=\"caption-attachment-7671\" style=\"width: 1024px\" class=\"wp-caption aligncenter\"><img loading=\"lazy\" class=\"wp-image-7671 size-large\" src=\"https:\/\/www.archademy.com.br\/blog\/wp-content\/uploads\/2020\/09\/CENA-A-30-1024x576.jpg\" alt=\"\" width=\"1024\" height=\"576\" srcset=\"https:\/\/www.archademy.com.br\/blog\/wp-content\/uploads\/2020\/09\/CENA-A-30-1024x576.jpg 1024w, https:\/\/www.archademy.com.br\/blog\/wp-content\/uploads\/2020\/09\/CENA-A-30-300x169.jpg 300w, https:\/\/www.archademy.com.br\/blog\/wp-content\/uploads\/2020\/09\/CENA-A-30-768x432.jpg 768w, https:\/\/www.archademy.com.br\/blog\/wp-content\/uploads\/2020\/09\/CENA-A-30-1536x864.jpg 1536w, https:\/\/www.archademy.com.br\/blog\/wp-content\/uploads\/2020\/09\/CENA-A-30-560x315.jpg 560w\" sizes=\"(max-width: 1024px) 100vw, 1024px\" \/><figcaption id=\"caption-attachment-7671\" class=\"wp-caption-text\">Projeto Google Cell por Ultra Arquitetura<\/figcaption><\/figure>\r\n<p><span style=\"color: #993366;\"><strong>2. Ambientes informais:<\/strong> <\/span>A humaniza\u00e7\u00e3o dos espa\u00e7os de trabalho \u00e9 essencial para conex\u00e3o das pessoas com o espa\u00e7o. Isso pode ser feito atrav\u00e9s do uso de mobili\u00e1rio confort\u00e1vel, uso de plantas e espa\u00e7os de descontra\u00e7\u00e3o.<\/p>\r\n<figure id=\"attachment_7673\" aria-describedby=\"caption-attachment-7673\" style=\"width: 1024px\" class=\"wp-caption aligncenter\"><img loading=\"lazy\" class=\"wp-image-7673 size-large\" src=\"https:\/\/www.archademy.com.br\/blog\/wp-content\/uploads\/2020\/09\/CENA-COZINHA-02-1024x576.jpg\" alt=\"\" width=\"1024\" height=\"576\" srcset=\"https:\/\/www.archademy.com.br\/blog\/wp-content\/uploads\/2020\/09\/CENA-COZINHA-02-1024x576.jpg 1024w, https:\/\/www.archademy.com.br\/blog\/wp-content\/uploads\/2020\/09\/CENA-COZINHA-02-300x169.jpg 300w, https:\/\/www.archademy.com.br\/blog\/wp-content\/uploads\/2020\/09\/CENA-COZINHA-02-768x432.jpg 768w, https:\/\/www.archademy.com.br\/blog\/wp-content\/uploads\/2020\/09\/CENA-COZINHA-02-1536x864.jpg 1536w, https:\/\/www.archademy.com.br\/blog\/wp-content\/uploads\/2020\/09\/CENA-COZINHA-02-560x315.jpg 560w\" sizes=\"(max-width: 1024px) 100vw, 1024px\" \/><figcaption id=\"caption-attachment-7673\" class=\"wp-caption-text\">Projeto Google Cell por Ultra Arquitetura<\/figcaption><\/figure>\r\n<p><span style=\"color: #993366;\"><strong>3. Ambientes organizados:<\/strong><\/span> A organiza\u00e7\u00e3o dos ambientes \u00e9 um dos pilares da neuroarquitetura. Afinal, nada \u00e9 t\u00e3o tranquilizante quanto livrar-se da bagun\u00e7a. Estudos indicam que ajuda at\u00e9 a controlar a ansiedade.\u00a0<\/p>\r\n<figure id=\"attachment_7674\" aria-describedby=\"caption-attachment-7674\" style=\"width: 1024px\" class=\"wp-caption aligncenter\"><img loading=\"lazy\" class=\"wp-image-7674 size-large\" src=\"https:\/\/www.archademy.com.br\/blog\/wp-content\/uploads\/2020\/09\/Cena-B-100-1024x576.jpg\" alt=\"\" width=\"1024\" height=\"576\" srcset=\"https:\/\/www.archademy.com.br\/blog\/wp-content\/uploads\/2020\/09\/Cena-B-100-1024x576.jpg 1024w, https:\/\/www.archademy.com.br\/blog\/wp-content\/uploads\/2020\/09\/Cena-B-100-300x169.jpg 300w, https:\/\/www.archademy.com.br\/blog\/wp-content\/uploads\/2020\/09\/Cena-B-100-768x432.jpg 768w, https:\/\/www.archademy.com.br\/blog\/wp-content\/uploads\/2020\/09\/Cena-B-100-1536x864.jpg 1536w, https:\/\/www.archademy.com.br\/blog\/wp-content\/uploads\/2020\/09\/Cena-B-100-560x315.jpg 560w\" sizes=\"(max-width: 1024px) 100vw, 1024px\" \/><figcaption id=\"caption-attachment-7674\" class=\"wp-caption-text\">Projeto Google Cell por Ultra Arquitetura<\/figcaption><\/figure>\r\n","protected":false},"excerpt":{"rendered":"<p>Voc\u00ea conhece a neuroarquitetura? O termo refere-se ao estudo da neuroci\u00eancia aplicada \u00e0 arquitetura. Em outras palavras, como o ambiente f\u00edsico impacta em nosso c\u00e9rebro.\u00a0\u201cQuando aplicada ao dia a dia, a neuroarquitetura pode melhorar a qualidade vida\u201d, destaca a arquiteta Priscilla Bencke, especialista na \u00e1rea. A neuroarquitetura est\u00e1 come\u00e7ando a conquistar seu espa\u00e7o no Brasil, &hellip; <\/p>\n<p class=\"link-more\"><a href=\"https:\/\/www.archademy.com.br\/blog\/neuroarquitetura-entenda-como-criar-espacos-para-estimular-o-bem-estar\/\" class=\"more-link\">Leia mais <span class=\"screen-reader-text\"> &#8220;Neuroarquitetura: entenda como criar espa\u00e7os para estimular o bem-estar&#8221;<\/span><\/a><\/p>\n","protected":false},"author":24,"featured_media":7680,"comment_status":"open","ping_status":"open","sticky":false,"template":"","format":"standard","meta":[],"categories":[40],"tags":[],"yoast_head":"<!-- This site is optimized with the Yoast SEO plugin v19.8 - https:\/\/yoast.com\/wordpress\/plugins\/seo\/ -->\n<title>Neuroarquitetura: entenda como criar espa\u00e7os para estimular o bem-estar - Archademy<\/title>\n<meta name=\"robots\" content=\"index, follow, max-snippet:-1, max-image-preview:large, max-video-preview:-1\" \/>\n<link rel=\"canonical\" href=\"https:\/\/www.archademy.com.br\/blog\/neuroarquitetura-entenda-como-criar-espacos-para-estimular-o-bem-estar\/\" \/>\n<meta property=\"og:locale\" content=\"pt_BR\" \/>\n<meta property=\"og:type\" content=\"article\" \/>\n<meta property=\"og:title\" content=\"Neuroarquitetura: entenda como criar espa\u00e7os para estimular o bem-estar - Archademy\" \/>\n<meta property=\"og:description\" content=\"Voc\u00ea conhece a neuroarquitetura? O termo refere-se ao estudo da neuroci\u00eancia aplicada \u00e0 arquitetura. Em outras palavras, como o ambiente f\u00edsico impacta em nosso c\u00e9rebro.\u00a0\u201cQuando aplicada ao dia a dia, a neuroarquitetura pode melhorar a qualidade vida\u201d, destaca a arquiteta Priscilla Bencke, especialista na \u00e1rea. A neuroarquitetura est\u00e1 come\u00e7ando a conquistar seu espa\u00e7o no Brasil, &hellip; Leia mais &quot;Neuroarquitetura: entenda como criar espa\u00e7os para estimular o bem-estar&quot;\" \/>\n<meta property=\"og:url\" content=\"https:\/\/www.archademy.com.br\/blog\/neuroarquitetura-entenda-como-criar-espacos-para-estimular-o-bem-estar\/\" \/>\n<meta property=\"og:site_name\" content=\"Archademy\" \/>\n<meta property=\"article:published_time\" content=\"2020-09-16T19:29:38+00:00\" \/>\n<meta property=\"og:image\" content=\"https:\/\/www.archademy.com.br\/blog\/wp-content\/uploads\/2020\/09\/CENA-REUNI\u00d5ES.jpg\" \/>\n\t<meta property=\"og:image:width\" content=\"2500\" \/>\n\t<meta property=\"og:image:height\" content=\"1406\" \/>\n\t<meta property=\"og:image:type\" content=\"image\/jpeg\" \/>\n<meta name=\"author\" content=\"Ana Clara Aguiar\" \/>\n<meta name=\"twitter:card\" content=\"summary_large_image\" \/>\n<meta name=\"twitter:label1\" content=\"Escrito por\" \/>\n\t<meta name=\"twitter:data1\" content=\"Ana Clara Aguiar\" \/>\n\t<meta name=\"twitter:label2\" content=\"Est. tempo de leitura\" \/>\n\t<meta name=\"twitter:data2\" content=\"3 minutos\" \/>\n<script type=\"application\/ld+json\" class=\"yoast-schema-graph\">{\"@context\":\"https:\/\/schema.org\",\"@graph\":[{\"@type\":\"Article\",\"@id\":\"https:\/\/www.archademy.com.br\/blog\/neuroarquitetura-entenda-como-criar-espacos-para-estimular-o-bem-estar\/#article\",\"isPartOf\":{\"@id\":\"https:\/\/www.archademy.com.br\/blog\/neuroarquitetura-entenda-como-criar-espacos-para-estimular-o-bem-estar\/\"},\"author\":{\"name\":\"Ana Clara Aguiar\",\"@id\":\"https:\/\/www.archademy.com.br\/blog\/#\/schema\/person\/e6f4a4b4122f48395e8450776fd10e64\"},\"headline\":\"Neuroarquitetura: entenda como criar espa\u00e7os para estimular o bem-estar\",\"datePublished\":\"2020-09-16T19:29:38+00:00\",\"dateModified\":\"2020-09-16T19:29:38+00:00\",\"mainEntityOfPage\":{\"@id\":\"https:\/\/www.archademy.com.br\/blog\/neuroarquitetura-entenda-como-criar-espacos-para-estimular-o-bem-estar\/\"},\"wordCount\":516,\"commentCount\":0,\"publisher\":{\"@id\":\"https:\/\/www.archademy.com.br\/blog\/#organization\"},\"articleSection\":[\"Interiores\"],\"inLanguage\":\"pt-BR\",\"potentialAction\":[{\"@type\":\"CommentAction\",\"name\":\"Comment\",\"target\":[\"https:\/\/www.archademy.com.br\/blog\/neuroarquitetura-entenda-como-criar-espacos-para-estimular-o-bem-estar\/#respond\"]}]},{\"@type\":\"WebPage\",\"@id\":\"https:\/\/www.archademy.com.br\/blog\/neuroarquitetura-entenda-como-criar-espacos-para-estimular-o-bem-estar\/\",\"url\":\"https:\/\/www.archademy.com.br\/blog\/neuroarquitetura-entenda-como-criar-espacos-para-estimular-o-bem-estar\/\",\"name\":\"Neuroarquitetura: entenda como criar espa\u00e7os para estimular o bem-estar - Archademy\",\"isPartOf\":{\"@id\":\"https:\/\/www.archademy.com.br\/blog\/#website\"},\"datePublished\":\"2020-09-16T19:29:38+00:00\",\"dateModified\":\"2020-09-16T19:29:38+00:00\",\"breadcrumb\":{\"@id\":\"https:\/\/www.archademy.com.br\/blog\/neuroarquitetura-entenda-como-criar-espacos-para-estimular-o-bem-estar\/#breadcrumb\"},\"inLanguage\":\"pt-BR\",\"potentialAction\":[{\"@type\":\"ReadAction\",\"target\":[\"https:\/\/www.archademy.com.br\/blog\/neuroarquitetura-entenda-como-criar-espacos-para-estimular-o-bem-estar\/\"]}]},{\"@type\":\"BreadcrumbList\",\"@id\":\"https:\/\/www.archademy.com.br\/blog\/neuroarquitetura-entenda-como-criar-espacos-para-estimular-o-bem-estar\/#breadcrumb\",\"itemListElement\":[{\"@type\":\"ListItem\",\"position\":1,\"name\":\"In\u00edcio\",\"item\":\"https:\/\/www.archademy.com.br\/blog\/\"},{\"@type\":\"ListItem\",\"position\":2,\"name\":\"Neuroarquitetura: entenda como criar espa\u00e7os para estimular o bem-estar\"}]},{\"@type\":\"WebSite\",\"@id\":\"https:\/\/www.archademy.com.br\/blog\/#website\",\"url\":\"https:\/\/www.archademy.com.br\/blog\/\",\"name\":\"Archademy\",\"description\":\"Inova\u00e7\u00e3o Em Arquitetura e Design de Interiores\",\"publisher\":{\"@id\":\"https:\/\/www.archademy.com.br\/blog\/#organization\"},\"potentialAction\":[{\"@type\":\"SearchAction\",\"target\":{\"@type\":\"EntryPoint\",\"urlTemplate\":\"https:\/\/www.archademy.com.br\/blog\/?s={search_term_string}\"},\"query-input\":\"required name=search_term_string\"}],\"inLanguage\":\"pt-BR\"},{\"@type\":\"Organization\",\"@id\":\"https:\/\/www.archademy.com.br\/blog\/#organization\",\"name\":\"Archademy\",\"url\":\"https:\/\/www.archademy.com.br\/blog\/\",\"sameAs\":[],\"logo\":{\"@type\":\"ImageObject\",\"inLanguage\":\"pt-BR\",\"@id\":\"https:\/\/www.archademy.com.br\/blog\/#\/schema\/logo\/image\/\",\"url\":\"https:\/\/www.archademy.com.br\/blog\/wp-content\/uploads\/2019\/06\/archademy-logo-b.png\",\"contentUrl\":\"https:\/\/www.archademy.com.br\/blog\/wp-content\/uploads\/2019\/06\/archademy-logo-b.png\",\"width\":322,\"height\":150,\"caption\":\"Archademy\"},\"image\":{\"@id\":\"https:\/\/www.archademy.com.br\/blog\/#\/schema\/logo\/image\/\"}},{\"@type\":\"Person\",\"@id\":\"https:\/\/www.archademy.com.br\/blog\/#\/schema\/person\/e6f4a4b4122f48395e8450776fd10e64\",\"name\":\"Ana Clara Aguiar\",\"image\":{\"@type\":\"ImageObject\",\"inLanguage\":\"pt-BR\",\"@id\":\"https:\/\/www.archademy.com.br\/blog\/#\/schema\/person\/image\/\",\"url\":\"https:\/\/www.archademy.com.br\/blog\/wp-content\/uploads\/2020\/09\/avatar_user_24_1600284639-96x96.jpg\",\"contentUrl\":\"https:\/\/www.archademy.com.br\/blog\/wp-content\/uploads\/2020\/09\/avatar_user_24_1600284639-96x96.jpg\",\"caption\":\"Ana Clara Aguiar\"},\"url\":\"https:\/\/www.archademy.com.br\/blog\/author\/anaclara\/\"}]}<\/script>\n<!-- \/ Yoast SEO plugin. -->","yoast_head_json":{"title":"Neuroarquitetura: entenda como criar espa\u00e7os para estimular o bem-estar - Archademy","robots":{"index":"index","follow":"follow","max-snippet":"max-snippet:-1","max-image-preview":"max-image-preview:large","max-video-preview":"max-video-preview:-1"},"canonical":"https:\/\/www.archademy.com.br\/blog\/neuroarquitetura-entenda-como-criar-espacos-para-estimular-o-bem-estar\/","og_locale":"pt_BR","og_type":"article","og_title":"Neuroarquitetura: entenda como criar espa\u00e7os para estimular o bem-estar - Archademy","og_description":"Voc\u00ea conhece a neuroarquitetura? O termo refere-se ao estudo da neuroci\u00eancia aplicada \u00e0 arquitetura. Em outras palavras, como o ambiente f\u00edsico impacta em nosso c\u00e9rebro.\u00a0\u201cQuando aplicada ao dia a dia, a neuroarquitetura pode melhorar a qualidade vida\u201d, destaca a arquiteta Priscilla Bencke, especialista na \u00e1rea. A neuroarquitetura est\u00e1 come\u00e7ando a conquistar seu espa\u00e7o no Brasil, &hellip; Leia mais \"Neuroarquitetura: entenda como criar espa\u00e7os para estimular o bem-estar\"","og_url":"https:\/\/www.archademy.com.br\/blog\/neuroarquitetura-entenda-como-criar-espacos-para-estimular-o-bem-estar\/","og_site_name":"Archademy","article_published_time":"2020-09-16T19:29:38+00:00","og_image":[{"width":2500,"height":1406,"url":"https:\/\/www.archademy.com.br\/blog\/wp-content\/uploads\/2020\/09\/CENA-REUNI\u00d5ES.jpg","type":"image\/jpeg"}],"author":"Ana Clara Aguiar","twitter_card":"summary_large_image","twitter_misc":{"Escrito por":"Ana Clara Aguiar","Est. tempo de leitura":"3 minutos"},"schema":{"@context":"https:\/\/schema.org","@graph":[{"@type":"Article","@id":"https:\/\/www.archademy.com.br\/blog\/neuroarquitetura-entenda-como-criar-espacos-para-estimular-o-bem-estar\/#article","isPartOf":{"@id":"https:\/\/www.archademy.com.br\/blog\/neuroarquitetura-entenda-como-criar-espacos-para-estimular-o-bem-estar\/"},"author":{"name":"Ana Clara Aguiar","@id":"https:\/\/www.archademy.com.br\/blog\/#\/schema\/person\/e6f4a4b4122f48395e8450776fd10e64"},"headline":"Neuroarquitetura: entenda como criar espa\u00e7os para estimular o bem-estar","datePublished":"2020-09-16T19:29:38+00:00","dateModified":"2020-09-16T19:29:38+00:00","mainEntityOfPage":{"@id":"https:\/\/www.archademy.com.br\/blog\/neuroarquitetura-entenda-como-criar-espacos-para-estimular-o-bem-estar\/"},"wordCount":516,"commentCount":0,"publisher":{"@id":"https:\/\/www.archademy.com.br\/blog\/#organization"},"articleSection":["Interiores"],"inLanguage":"pt-BR","potentialAction":[{"@type":"CommentAction","name":"Comment","target":["https:\/\/www.archademy.com.br\/blog\/neuroarquitetura-entenda-como-criar-espacos-para-estimular-o-bem-estar\/#respond"]}]},{"@type":"WebPage","@id":"https:\/\/www.archademy.com.br\/blog\/neuroarquitetura-entenda-como-criar-espacos-para-estimular-o-bem-estar\/","url":"https:\/\/www.archademy.com.br\/blog\/neuroarquitetura-entenda-como-criar-espacos-para-estimular-o-bem-estar\/","name":"Neuroarquitetura: entenda como criar espa\u00e7os para estimular o bem-estar - Archademy","isPartOf":{"@id":"https:\/\/www.archademy.com.br\/blog\/#website"},"datePublished":"2020-09-16T19:29:38+00:00","dateModified":"2020-09-16T19:29:38+00:00","breadcrumb":{"@id":"https:\/\/www.archademy.com.br\/blog\/neuroarquitetura-entenda-como-criar-espacos-para-estimular-o-bem-estar\/#breadcrumb"},"inLanguage":"pt-BR","potentialAction":[{"@type":"ReadAction","target":["https:\/\/www.archademy.com.br\/blog\/neuroarquitetura-entenda-como-criar-espacos-para-estimular-o-bem-estar\/"]}]},{"@type":"BreadcrumbList","@id":"https:\/\/www.archademy.com.br\/blog\/neuroarquitetura-entenda-como-criar-espacos-para-estimular-o-bem-estar\/#breadcrumb","itemListElement":[{"@type":"ListItem","position":1,"name":"In\u00edcio","item":"https:\/\/www.archademy.com.br\/blog\/"},{"@type":"ListItem","position":2,"name":"Neuroarquitetura: entenda como criar espa\u00e7os para estimular o bem-estar"}]},{"@type":"WebSite","@id":"https:\/\/www.archademy.com.br\/blog\/#website","url":"https:\/\/www.archademy.com.br\/blog\/","name":"Archademy","description":"Inova\u00e7\u00e3o Em Arquitetura e Design de Interiores","publisher":{"@id":"https:\/\/www.archademy.com.br\/blog\/#organization"},"potentialAction":[{"@type":"SearchAction","target":{"@type":"EntryPoint","urlTemplate":"https:\/\/www.archademy.com.br\/blog\/?s={search_term_string}"},"query-input":"required name=search_term_string"}],"inLanguage":"pt-BR"},{"@type":"Organization","@id":"https:\/\/www.archademy.com.br\/blog\/#organization","name":"Archademy","url":"https:\/\/www.archademy.com.br\/blog\/","sameAs":[],"logo":{"@type":"ImageObject","inLanguage":"pt-BR","@id":"https:\/\/www.archademy.com.br\/blog\/#\/schema\/logo\/image\/","url":"https:\/\/www.archademy.com.br\/blog\/wp-content\/uploads\/2019\/06\/archademy-logo-b.png","contentUrl":"https:\/\/www.archademy.com.br\/blog\/wp-content\/uploads\/2019\/06\/archademy-logo-b.png","width":322,"height":150,"caption":"Archademy"},"image":{"@id":"https:\/\/www.archademy.com.br\/blog\/#\/schema\/logo\/image\/"}},{"@type":"Person","@id":"https:\/\/www.archademy.com.br\/blog\/#\/schema\/person\/e6f4a4b4122f48395e8450776fd10e64","name":"Ana Clara Aguiar","image":{"@type":"ImageObject","inLanguage":"pt-BR","@id":"https:\/\/www.archademy.com.br\/blog\/#\/schema\/person\/image\/","url":"https:\/\/www.archademy.com.br\/blog\/wp-content\/uploads\/2020\/09\/avatar_user_24_1600284639-96x96.jpg","contentUrl":"https:\/\/www.archademy.com.br\/blog\/wp-content\/uploads\/2020\/09\/avatar_user_24_1600284639-96x96.jpg","caption":"Ana Clara Aguiar"},"url":"https:\/\/www.archademy.com.br\/blog\/author\/anaclara\/"}]}},"taxonomies":[{"category_link":"https:\/\/www.archademy.com.br\/blog\/category\/interiors\/","category_name":"Interiores","category_id":40}],"thumbnail_url":"https:\/\/www.archademy.com.br\/blog\/wp-content\/uploads\/2020\/09\/CENA-REUNI\u00d5ES-1024x576.jpg","_links":{"self":[{"href":"https:\/\/www.archademy.com.br\/blog\/wp-json\/wp\/v2\/posts\/7702"}],"collection":[{"href":"https:\/\/www.archademy.com.br\/blog\/wp-json\/wp\/v2\/posts"}],"about":[{"href":"https:\/\/www.archademy.com.br\/blog\/wp-json\/wp\/v2\/types\/post"}],"author":[{"embeddable":true,"href":"https:\/\/www.archademy.com.br\/blog\/wp-json\/wp\/v2\/users\/24"}],"replies":[{"embeddable":true,"href":"https:\/\/www.archademy.com.br\/blog\/wp-json\/wp\/v2\/comments?post=7702"}],"version-history":[{"count":1,"href":"https:\/\/www.archademy.com.br\/blog\/wp-json\/wp\/v2\/posts\/7702\/revisions"}],"predecessor-version":[{"id":7703,"href":"https:\/\/www.archademy.com.br\/blog\/wp-json\/wp\/v2\/posts\/7702\/revisions\/7703"}],"wp:featuredmedia":[{"embeddable":true,"href":"https:\/\/www.archademy.com.br\/blog\/wp-json\/wp\/v2\/media\/7680"}],"wp:attachment":[{"href":"https:\/\/www.archademy.com.br\/blog\/wp-json\/wp\/v2\/media?parent=7702"}],"wp:term":[{"taxonomy":"category","embeddable":true,"href":"https:\/\/www.archademy.com.br\/blog\/wp-json\/wp\/v2\/categories?post=7702"},{"taxonomy":"post_tag","embeddable":true,"href":"https:\/\/www.archademy.com.br\/blog\/wp-json\/wp\/v2\/tags?post=7702"}],"curies":[{"name":"wp","href":"https:\/\/api.w.org\/{rel}","templated":true}]}}