{"id":7731,"date":"2021-08-13T14:44:49","date_gmt":"2021-08-13T17:44:49","guid":{"rendered":"http:\/\/www.archademy.com.br\/blog\/?p=7731"},"modified":"2021-08-13T15:41:14","modified_gmt":"2021-08-13T18:41:14","slug":"pesquisa-archademy-covid-2021","status":"publish","type":"post","link":"https:\/\/www.archademy.com.br\/blog\/pesquisa-archademy-covid-2021\/","title":{"rendered":"Pesquisa: o impacto comercial da Covid-19 para Arquitetos e Designers de Interiores."},"content":{"rendered":"<h2><span style=\"font-weight: 400;\">Construtech realizou o maior levantamento do mercado em 2020 e agora busca um estudo ainda mais completo.\u00a0<\/span><\/h2>\n<p>&nbsp;<\/p>\n<p>A pandemia provocada pelo coronav\u00edrus ainda n\u00e3o tem data para terminar, mas j\u00e1 deixa transforma\u00e7\u00f5es marcantes no mercado da constru\u00e7\u00e3o civil, principalmente com a valoriza\u00e7\u00e3o da casa e bem-estar.<\/p>\n<p>Para descobrir os impactos e tend\u00eancias neste cen\u00e1rio no mercado de arquitetura e design de interiores, a Archademy, maior construtech deste segmento, lan\u00e7a a segunda edi\u00e7\u00e3o da pesquisa que foi considerada a maior com profissionais da \u00e1rea em 2020. Para responder o levantamento, basta acessar o link: <a href=\"https:\/\/bit.ly\/PesquisaImpactoCOVID_Archademy21\"><strong>https:\/\/bit.ly\/PesquisaImpactoCOVID_Archademy21<\/strong><\/a>.<\/p>\n<p>&#8220;Com 1 ano e meio em pandemia e mais dados em m\u00e3os, vamos poder fazer uma an\u00e1lise ainda mais completa sobre o real impacto comercial da COVID-19 para Arquitetos e Designers de Interiores. A pesquisa \u00e9, acima de tudo, uma \u00f3tima ferramenta para mapearmos as oportunidades e desafios para os escrit\u00f3rios. A informa\u00e7\u00e3o \u00e9 essencial para tomar melhores decis\u00f5es.&#8221;, destaca Anna Rafaela, respons\u00e1vel pela \u00e1rea de Comunidade da Archademy.<\/p>\n<p>Depois de responder a pesquisa, o profissional ganhar\u00e1 <strong>acesso gratuito ao E-book &#8220;<\/strong><b data-stringify-type=\"bold\">Como construir um posicionamento \u00fanico para arquitetos.&#8221;<\/b>, desenvolvido pelo Diretor de Acelera\u00e7\u00e3o da Archademy, Jo\u00e3o Le\u00e3o.<\/p>\n<p>A pesquisa conta com o apoio dos Mantenedores Archademy, que investem no desenvolvimento do ecossistema como um todo. S\u00e3o eles: ABC da Constru\u00e7\u00e3o, by Kamy, Camicado, Fibraplac, Granos, Suvinil, Arienzu, Birdie, City Design, Conecta Reforma, Galeria9, Hephaenergy, Nanoprice, OR Design, SAVEENERGY, Sch\u00fcco, Tektura e Zissou.<\/p>\n<p>Servi\u00e7o: <a href=\"http:\/\/www.archademy.com.br\">www.archademy.com.br<\/a><br \/>\nWhatsApp: +11 97269-5105<\/p>\n","protected":false},"excerpt":{"rendered":"<p>Construtech realizou o maior levantamento do mercado em 2020 e agora busca um estudo ainda mais completo.\u00a0 &nbsp; A pandemia provocada pelo coronav\u00edrus ainda n\u00e3o tem data para terminar, mas j\u00e1 deixa transforma\u00e7\u00f5es marcantes no mercado da constru\u00e7\u00e3o civil, principalmente com a valoriza\u00e7\u00e3o da casa e bem-estar. Para descobrir os impactos e tend\u00eancias neste cen\u00e1rio &hellip; <\/p>\n<p class=\"link-more\"><a href=\"https:\/\/www.archademy.com.br\/blog\/pesquisa-archademy-covid-2021\/\" class=\"more-link\">Leia mais <span class=\"screen-reader-text\"> &#8220;Pesquisa: o impacto comercial da Covid-19 para Arquitetos e Designers de Interiores.&#8221;<\/span><\/a><\/p>\n","protected":false},"author":23,"featured_media":7737,"comment_status":"open","ping_status":"open","sticky":false,"template":"","format":"standard","meta":[],"categories":[36],"tags":[],"yoast_head":"<!-- This site is optimized with the Yoast SEO plugin v19.8 - https:\/\/yoast.com\/wordpress\/plugins\/seo\/ -->\n<title>Pesquisa: o impacto comercial da Covid-19 para Arquitetos e Designers de Interiores. - Archademy<\/title>\n<meta name=\"description\" content=\"Fa\u00e7a parte da maior pesquisa do mercado sobre o impacto comercial da COVID-19 para Arquitetos e Designers de Interiores e colabore com a nossa Comunidade.\" \/>\n<meta name=\"robots\" content=\"index, follow, max-snippet:-1, max-image-preview:large, max-video-preview:-1\" \/>\n<link rel=\"canonical\" href=\"https:\/\/www.archademy.com.br\/blog\/pesquisa-archademy-covid-2021\/\" \/>\n<meta property=\"og:locale\" content=\"pt_BR\" \/>\n<meta property=\"og:type\" content=\"article\" \/>\n<meta property=\"og:title\" content=\"Pesquisa: o impacto comercial da Covid-19 para Arquitetos e Designers de Interiores. - Archademy\" \/>\n<meta property=\"og:description\" content=\"Fa\u00e7a parte da maior pesquisa do mercado sobre o impacto comercial da COVID-19 para Arquitetos e Designers de Interiores e colabore com a nossa Comunidade.\" \/>\n<meta property=\"og:url\" content=\"https:\/\/www.archademy.com.br\/blog\/pesquisa-archademy-covid-2021\/\" \/>\n<meta property=\"og:site_name\" content=\"Archademy\" \/>\n<meta property=\"article:published_time\" content=\"2021-08-13T17:44:49+00:00\" \/>\n<meta property=\"article:modified_time\" content=\"2021-08-13T18:41:14+00:00\" \/>\n<meta property=\"og:image\" content=\"https:\/\/www.archademy.com.br\/blog\/wp-content\/uploads\/2021\/08\/blog-pesquisa-covid-3.png\" \/>\n\t<meta property=\"og:image:width\" content=\"577\" \/>\n\t<meta property=\"og:image:height\" content=\"298\" \/>\n\t<meta property=\"og:image:type\" content=\"image\/png\" \/>\n<meta name=\"author\" content=\"Archademy\" \/>\n<meta name=\"twitter:card\" content=\"summary_large_image\" \/>\n<meta name=\"twitter:label1\" content=\"Escrito por\" \/>\n\t<meta name=\"twitter:data1\" content=\"Archademy\" \/>\n\t<meta name=\"twitter:label2\" content=\"Est. tempo de leitura\" \/>\n\t<meta name=\"twitter:data2\" content=\"1 minuto\" \/>\n<script type=\"application\/ld+json\" class=\"yoast-schema-graph\">{\"@context\":\"https:\/\/schema.org\",\"@graph\":[{\"@type\":\"Article\",\"@id\":\"https:\/\/www.archademy.com.br\/blog\/pesquisa-archademy-covid-2021\/#article\",\"isPartOf\":{\"@id\":\"https:\/\/www.archademy.com.br\/blog\/pesquisa-archademy-covid-2021\/\"},\"author\":{\"name\":\"Archademy\",\"@id\":\"https:\/\/www.archademy.com.br\/blog\/#\/schema\/person\/f5f316279af0bd5c9277e474ba793c2c\"},\"headline\":\"Pesquisa: o impacto comercial da Covid-19 para Arquitetos e Designers de Interiores.\",\"datePublished\":\"2021-08-13T17:44:49+00:00\",\"dateModified\":\"2021-08-13T18:41:14+00:00\",\"mainEntityOfPage\":{\"@id\":\"https:\/\/www.archademy.com.br\/blog\/pesquisa-archademy-covid-2021\/\"},\"wordCount\":277,\"commentCount\":0,\"publisher\":{\"@id\":\"https:\/\/www.archademy.com.br\/blog\/#organization\"},\"articleSection\":[\"Destaques\"],\"inLanguage\":\"pt-BR\",\"potentialAction\":[{\"@type\":\"CommentAction\",\"name\":\"Comment\",\"target\":[\"https:\/\/www.archademy.com.br\/blog\/pesquisa-archademy-covid-2021\/#respond\"]}]},{\"@type\":\"WebPage\",\"@id\":\"https:\/\/www.archademy.com.br\/blog\/pesquisa-archademy-covid-2021\/\",\"url\":\"https:\/\/www.archademy.com.br\/blog\/pesquisa-archademy-covid-2021\/\",\"name\":\"Pesquisa: o impacto comercial da Covid-19 para Arquitetos e Designers de Interiores. - Archademy\",\"isPartOf\":{\"@id\":\"https:\/\/www.archademy.com.br\/blog\/#website\"},\"datePublished\":\"2021-08-13T17:44:49+00:00\",\"dateModified\":\"2021-08-13T18:41:14+00:00\",\"description\":\"Fa\u00e7a parte da maior pesquisa do mercado sobre o impacto comercial da COVID-19 para Arquitetos e Designers de Interiores e colabore com a nossa Comunidade.\",\"breadcrumb\":{\"@id\":\"https:\/\/www.archademy.com.br\/blog\/pesquisa-archademy-covid-2021\/#breadcrumb\"},\"inLanguage\":\"pt-BR\",\"potentialAction\":[{\"@type\":\"ReadAction\",\"target\":[\"https:\/\/www.archademy.com.br\/blog\/pesquisa-archademy-covid-2021\/\"]}]},{\"@type\":\"BreadcrumbList\",\"@id\":\"https:\/\/www.archademy.com.br\/blog\/pesquisa-archademy-covid-2021\/#breadcrumb\",\"itemListElement\":[{\"@type\":\"ListItem\",\"position\":1,\"name\":\"In\u00edcio\",\"item\":\"https:\/\/www.archademy.com.br\/blog\/\"},{\"@type\":\"ListItem\",\"position\":2,\"name\":\"Pesquisa: o impacto comercial da Covid-19 para Arquitetos e Designers de Interiores.\"}]},{\"@type\":\"WebSite\",\"@id\":\"https:\/\/www.archademy.com.br\/blog\/#website\",\"url\":\"https:\/\/www.archademy.com.br\/blog\/\",\"name\":\"Archademy\",\"description\":\"Inova\u00e7\u00e3o Em Arquitetura e Design de Interiores\",\"publisher\":{\"@id\":\"https:\/\/www.archademy.com.br\/blog\/#organization\"},\"potentialAction\":[{\"@type\":\"SearchAction\",\"target\":{\"@type\":\"EntryPoint\",\"urlTemplate\":\"https:\/\/www.archademy.com.br\/blog\/?s={search_term_string}\"},\"query-input\":\"required name=search_term_string\"}],\"inLanguage\":\"pt-BR\"},{\"@type\":\"Organization\",\"@id\":\"https:\/\/www.archademy.com.br\/blog\/#organization\",\"name\":\"Archademy\",\"url\":\"https:\/\/www.archademy.com.br\/blog\/\",\"sameAs\":[],\"logo\":{\"@type\":\"ImageObject\",\"inLanguage\":\"pt-BR\",\"@id\":\"https:\/\/www.archademy.com.br\/blog\/#\/schema\/logo\/image\/\",\"url\":\"https:\/\/www.archademy.com.br\/blog\/wp-content\/uploads\/2019\/06\/archademy-logo-b.png\",\"contentUrl\":\"https:\/\/www.archademy.com.br\/blog\/wp-content\/uploads\/2019\/06\/archademy-logo-b.png\",\"width\":322,\"height\":150,\"caption\":\"Archademy\"},\"image\":{\"@id\":\"https:\/\/www.archademy.com.br\/blog\/#\/schema\/logo\/image\/\"}},{\"@type\":\"Person\",\"@id\":\"https:\/\/www.archademy.com.br\/blog\/#\/schema\/person\/f5f316279af0bd5c9277e474ba793c2c\",\"name\":\"Archademy\",\"image\":{\"@type\":\"ImageObject\",\"inLanguage\":\"pt-BR\",\"@id\":\"https:\/\/www.archademy.com.br\/blog\/#\/schema\/person\/image\/\",\"url\":\"https:\/\/www.archademy.com.br\/blog\/wp-content\/uploads\/2019\/06\/archademy-icon-96x96.png\",\"contentUrl\":\"https:\/\/www.archademy.com.br\/blog\/wp-content\/uploads\/2019\/06\/archademy-icon-96x96.png\",\"caption\":\"Archademy\"},\"description\":\"Time da @archademy.br.\",\"sameAs\":[\"https:\/\/www.instagram.com\/archademy.br\/\"],\"url\":\"https:\/\/www.archademy.com.br\/blog\/author\/archademy\/\"}]}<\/script>\n<!-- \/ Yoast SEO plugin. -->","yoast_head_json":{"title":"Pesquisa: o impacto comercial da Covid-19 para Arquitetos e Designers de Interiores. - Archademy","description":"Fa\u00e7a parte da maior pesquisa do mercado sobre o impacto comercial da COVID-19 para Arquitetos e Designers de Interiores e colabore com a nossa Comunidade.","robots":{"index":"index","follow":"follow","max-snippet":"max-snippet:-1","max-image-preview":"max-image-preview:large","max-video-preview":"max-video-preview:-1"},"canonical":"https:\/\/www.archademy.com.br\/blog\/pesquisa-archademy-covid-2021\/","og_locale":"pt_BR","og_type":"article","og_title":"Pesquisa: o impacto comercial da Covid-19 para Arquitetos e Designers de Interiores. - Archademy","og_description":"Fa\u00e7a parte da maior pesquisa do mercado sobre o impacto comercial da COVID-19 para Arquitetos e Designers de Interiores e colabore com a nossa Comunidade.","og_url":"https:\/\/www.archademy.com.br\/blog\/pesquisa-archademy-covid-2021\/","og_site_name":"Archademy","article_published_time":"2021-08-13T17:44:49+00:00","article_modified_time":"2021-08-13T18:41:14+00:00","og_image":[{"width":577,"height":298,"url":"https:\/\/www.archademy.com.br\/blog\/wp-content\/uploads\/2021\/08\/blog-pesquisa-covid-3.png","type":"image\/png"}],"author":"Archademy","twitter_card":"summary_large_image","twitter_misc":{"Escrito por":"Archademy","Est. tempo de leitura":"1 minuto"},"schema":{"@context":"https:\/\/schema.org","@graph":[{"@type":"Article","@id":"https:\/\/www.archademy.com.br\/blog\/pesquisa-archademy-covid-2021\/#article","isPartOf":{"@id":"https:\/\/www.archademy.com.br\/blog\/pesquisa-archademy-covid-2021\/"},"author":{"name":"Archademy","@id":"https:\/\/www.archademy.com.br\/blog\/#\/schema\/person\/f5f316279af0bd5c9277e474ba793c2c"},"headline":"Pesquisa: o impacto comercial da Covid-19 para Arquitetos e Designers de Interiores.","datePublished":"2021-08-13T17:44:49+00:00","dateModified":"2021-08-13T18:41:14+00:00","mainEntityOfPage":{"@id":"https:\/\/www.archademy.com.br\/blog\/pesquisa-archademy-covid-2021\/"},"wordCount":277,"commentCount":0,"publisher":{"@id":"https:\/\/www.archademy.com.br\/blog\/#organization"},"articleSection":["Destaques"],"inLanguage":"pt-BR","potentialAction":[{"@type":"CommentAction","name":"Comment","target":["https:\/\/www.archademy.com.br\/blog\/pesquisa-archademy-covid-2021\/#respond"]}]},{"@type":"WebPage","@id":"https:\/\/www.archademy.com.br\/blog\/pesquisa-archademy-covid-2021\/","url":"https:\/\/www.archademy.com.br\/blog\/pesquisa-archademy-covid-2021\/","name":"Pesquisa: o impacto comercial da Covid-19 para Arquitetos e Designers de Interiores. - Archademy","isPartOf":{"@id":"https:\/\/www.archademy.com.br\/blog\/#website"},"datePublished":"2021-08-13T17:44:49+00:00","dateModified":"2021-08-13T18:41:14+00:00","description":"Fa\u00e7a parte da maior pesquisa do mercado sobre o impacto comercial da COVID-19 para Arquitetos e Designers de Interiores e colabore com a nossa Comunidade.","breadcrumb":{"@id":"https:\/\/www.archademy.com.br\/blog\/pesquisa-archademy-covid-2021\/#breadcrumb"},"inLanguage":"pt-BR","potentialAction":[{"@type":"ReadAction","target":["https:\/\/www.archademy.com.br\/blog\/pesquisa-archademy-covid-2021\/"]}]},{"@type":"BreadcrumbList","@id":"https:\/\/www.archademy.com.br\/blog\/pesquisa-archademy-covid-2021\/#breadcrumb","itemListElement":[{"@type":"ListItem","position":1,"name":"In\u00edcio","item":"https:\/\/www.archademy.com.br\/blog\/"},{"@type":"ListItem","position":2,"name":"Pesquisa: o impacto comercial da Covid-19 para Arquitetos e Designers de Interiores."}]},{"@type":"WebSite","@id":"https:\/\/www.archademy.com.br\/blog\/#website","url":"https:\/\/www.archademy.com.br\/blog\/","name":"Archademy","description":"Inova\u00e7\u00e3o Em Arquitetura e Design de Interiores","publisher":{"@id":"https:\/\/www.archademy.com.br\/blog\/#organization"},"potentialAction":[{"@type":"SearchAction","target":{"@type":"EntryPoint","urlTemplate":"https:\/\/www.archademy.com.br\/blog\/?s={search_term_string}"},"query-input":"required name=search_term_string"}],"inLanguage":"pt-BR"},{"@type":"Organization","@id":"https:\/\/www.archademy.com.br\/blog\/#organization","name":"Archademy","url":"https:\/\/www.archademy.com.br\/blog\/","sameAs":[],"logo":{"@type":"ImageObject","inLanguage":"pt-BR","@id":"https:\/\/www.archademy.com.br\/blog\/#\/schema\/logo\/image\/","url":"https:\/\/www.archademy.com.br\/blog\/wp-content\/uploads\/2019\/06\/archademy-logo-b.png","contentUrl":"https:\/\/www.archademy.com.br\/blog\/wp-content\/uploads\/2019\/06\/archademy-logo-b.png","width":322,"height":150,"caption":"Archademy"},"image":{"@id":"https:\/\/www.archademy.com.br\/blog\/#\/schema\/logo\/image\/"}},{"@type":"Person","@id":"https:\/\/www.archademy.com.br\/blog\/#\/schema\/person\/f5f316279af0bd5c9277e474ba793c2c","name":"Archademy","image":{"@type":"ImageObject","inLanguage":"pt-BR","@id":"https:\/\/www.archademy.com.br\/blog\/#\/schema\/person\/image\/","url":"https:\/\/www.archademy.com.br\/blog\/wp-content\/uploads\/2019\/06\/archademy-icon-96x96.png","contentUrl":"https:\/\/www.archademy.com.br\/blog\/wp-content\/uploads\/2019\/06\/archademy-icon-96x96.png","caption":"Archademy"},"description":"Time da @archademy.br.","sameAs":["https:\/\/www.instagram.com\/archademy.br\/"],"url":"https:\/\/www.archademy.com.br\/blog\/author\/archademy\/"}]}},"taxonomies":[{"category_link":"https:\/\/www.archademy.com.br\/blog\/category\/destaques\/","category_name":"Destaques","category_id":36}],"thumbnail_url":"https:\/\/www.archademy.com.br\/blog\/wp-content\/uploads\/2021\/08\/blog-pesquisa-covid-3.png","_links":{"self":[{"href":"https:\/\/www.archademy.com.br\/blog\/wp-json\/wp\/v2\/posts\/7731"}],"collection":[{"href":"https:\/\/www.archademy.com.br\/blog\/wp-json\/wp\/v2\/posts"}],"about":[{"href":"https:\/\/www.archademy.com.br\/blog\/wp-json\/wp\/v2\/types\/post"}],"author":[{"embeddable":true,"href":"https:\/\/www.archademy.com.br\/blog\/wp-json\/wp\/v2\/users\/23"}],"replies":[{"embeddable":true,"href":"https:\/\/www.archademy.com.br\/blog\/wp-json\/wp\/v2\/comments?post=7731"}],"version-history":[{"count":2,"href":"https:\/\/www.archademy.com.br\/blog\/wp-json\/wp\/v2\/posts\/7731\/revisions"}],"predecessor-version":[{"id":7736,"href":"https:\/\/www.archademy.com.br\/blog\/wp-json\/wp\/v2\/posts\/7731\/revisions\/7736"}],"wp:featuredmedia":[{"embeddable":true,"href":"https:\/\/www.archademy.com.br\/blog\/wp-json\/wp\/v2\/media\/7737"}],"wp:attachment":[{"href":"https:\/\/www.archademy.com.br\/blog\/wp-json\/wp\/v2\/media?parent=7731"}],"wp:term":[{"taxonomy":"category","embeddable":true,"href":"https:\/\/www.archademy.com.br\/blog\/wp-json\/wp\/v2\/categories?post=7731"},{"taxonomy":"post_tag","embeddable":true,"href":"https:\/\/www.archademy.com.br\/blog\/wp-json\/wp\/v2\/tags?post=7731"}],"curies":[{"name":"wp","href":"https:\/\/api.w.org\/{rel}","templated":true}]}}